{"id":69480,"date":"2026-04-28T14:07:54","date_gmt":"2026-04-28T17:07:54","guid":{"rendered":"https:\/\/elurbanoweb.com.ar\/diario\/?p=69480"},"modified":"2026-04-28T14:07:54","modified_gmt":"2026-04-28T17:07:54","slug":"el-gobernador-elias-suarez-recibio-en-casa-de-gobierno-al-dr-agustin-salvia","status":"publish","type":"post","link":"http:\/\/elurbanoweb.com.ar\/diario\/el-gobernador-elias-suarez-recibio-en-casa-de-gobierno-al-dr-agustin-salvia\/","title":{"rendered":"El Gobernador El\u00edas Su\u00e1rez recibi\u00f3 en Casa de Gobierno al Dr. Agust\u00edn Salvia"},"content":{"rendered":"<p>El gobernador El\u00edas Su\u00e1rez recibi\u00f3 este martes en Casa de Gobierno la visita del investigador y director del Observatorio de la Deuda Social Argentina en la Universidad Cat\u00f3lica Argentina, Dr. Agust\u00edn Salvia.<\/p>\n<p><img loading=\"lazy\" decoding=\"async\" class=\"alignnone wp-image-69481 size-full\" src=\"http:\/\/elurbanoweb.com.ar\/diario\/wp-content\/uploads\/2026\/04\/salvia.jpg\" alt=\"\" width=\"885\" height=\"590\" srcset=\"http:\/\/elurbanoweb.com.ar\/diario\/wp-content\/uploads\/2026\/04\/salvia.jpg 885w, http:\/\/elurbanoweb.com.ar\/diario\/wp-content\/uploads\/2026\/04\/salvia-300x200.jpg 300w, http:\/\/elurbanoweb.com.ar\/diario\/wp-content\/uploads\/2026\/04\/salvia-150x100.jpg 150w\" sizes=\"auto, (max-width: 885px) 100vw, 885px\" \/><\/p>\n<p><!--more--><\/p>\n<p>Participaron tambi\u00e9n el jefe de Gabinete, V\u00edctor Araujo, y el director de Gesti\u00f3n P\u00fablica, Ricardo Montenegro.<\/p>\n<p>El investigador mantuvo una charla amena con el mandatario provincial, oportunidad en la que destac\u00f3 el papel del Consejo Econ\u00f3mico y Social \u201cpara relevar, procesar y dar cauce a las demandas de los diversos actores de la sociedad, transformando reclamos aislados en una agenda de pol\u00edtica p\u00fablica con verdadera legitimidad como los objetivos de desarrollo a largo plazo\u201d.<\/p>\n<p>Resalt\u00f3 tambi\u00e9n la importancia que tiene el Consejo en materia de ordenamiento y dentro de una agenda p\u00fablica, en un contexto complejo para las provincias por los recortes de fondos por parte de la Naci\u00f3n.<\/p>\n<p>\u201cSantiago del Estero es una de las m\u00e1s afectadas por esta situaci\u00f3n y en ese contexto, un Consejo Econ\u00f3mico y Social administra la coyuntura y al mismo tiempo piensa en el futuro. Entonces, esos desaf\u00edos tienen que llevarse adelante en una agenda de discusi\u00f3n con los actores econ\u00f3micos, los actores sociales y tambi\u00e9n con la participaci\u00f3n de las universidades, los sistemas t\u00e9cnicos profesionales como INTA, INTI, los centros profesionales, todos tienen algo para aportar\u201d, dijo.<\/p>\n","protected":false},"excerpt":{"rendered":"<p>El gobernador El\u00edas Su\u00e1rez recibi\u00f3 este martes en Casa de Gobierno la visita del investigador y director del Observatorio de la Deuda Social Argentina en la Universidad Cat\u00f3lica Argentina, Dr.&hellip; <\/p>\n","protected":false},"author":1,"featured_media":69481,"comment_status":"closed","ping_status":"closed","sticky":false,"template":"","format":"standard","meta":{"footnotes":""},"categories":[2],"tags":[],"class_list":["post-69480","post","type-post","status-publish","format-standard","has-post-thumbnail","hentry","category-gobierno"],"_links":{"self":[{"href":"http:\/\/elurbanoweb.com.ar\/diario\/wp-json\/wp\/v2\/posts\/69480","targetHints":{"allow":["GET"]}}],"collection":[{"href":"http:\/\/elurbanoweb.com.ar\/diario\/wp-json\/wp\/v2\/posts"}],"about":[{"href":"http:\/\/elurbanoweb.com.ar\/diario\/wp-json\/wp\/v2\/types\/post"}],"author":[{"embeddable":true,"href":"http:\/\/elurbanoweb.com.ar\/diario\/wp-json\/wp\/v2\/users\/1"}],"replies":[{"embeddable":true,"href":"http:\/\/elurbanoweb.com.ar\/diario\/wp-json\/wp\/v2\/comments?post=69480"}],"version-history":[{"count":1,"href":"http:\/\/elurbanoweb.com.ar\/diario\/wp-json\/wp\/v2\/posts\/69480\/revisions"}],"predecessor-version":[{"id":69482,"href":"http:\/\/elurbanoweb.com.ar\/diario\/wp-json\/wp\/v2\/posts\/69480\/revisions\/69482"}],"wp:featuredmedia":[{"embeddable":true,"href":"http:\/\/elurbanoweb.com.ar\/diario\/wp-json\/wp\/v2\/media\/69481"}],"wp:attachment":[{"href":"http:\/\/elurbanoweb.com.ar\/diario\/wp-json\/wp\/v2\/media?parent=69480"}],"wp:term":[{"taxonomy":"category","embeddable":true,"href":"http:\/\/elurbanoweb.com.ar\/diario\/wp-json\/wp\/v2\/categories?post=69480"},{"taxonomy":"post_tag","embeddable":true,"href":"http:\/\/elurbanoweb.com.ar\/diario\/wp-json\/wp\/v2\/tags?post=69480"}],"curies":[{"name":"wp","href":"https:\/\/api.w.org\/{rel}","templated":true}]}}