{"id":69483,"date":"2026-04-29T09:36:45","date_gmt":"2026-04-29T12:36:45","guid":{"rendered":"http:\/\/elurbanoweb.com.ar\/diario\/?p=69483"},"modified":"2026-04-29T09:36:45","modified_gmt":"2026-04-29T12:36:45","slug":"el-municipio-brinda-atencion-veterinaria-primaria-en-el-centro-de-sanidad-animal","status":"publish","type":"post","link":"http:\/\/elurbanoweb.com.ar\/diario\/el-municipio-brinda-atencion-veterinaria-primaria-en-el-centro-de-sanidad-animal\/","title":{"rendered":"El municipio brinda atenci\u00f3n veterinaria primaria en el Centro de Sanidad Animal"},"content":{"rendered":"<p>La Municipalidad de La Banda dio a conocer los servicios gratuitos de atenci\u00f3n veterinaria que se encuentran disponibles en el Centro de Sanidad Animal ubicado en Calle 7 y Canal del barrio Constituci\u00f3n.<\/p>\n<p><img loading=\"lazy\" decoding=\"async\" class=\"alignnone wp-image-69484 size-full\" src=\"http:\/\/elurbanoweb.com.ar\/diario\/wp-content\/uploads\/2026\/04\/gato.jpg\" alt=\"\" width=\"1010\" height=\"567\" srcset=\"http:\/\/elurbanoweb.com.ar\/diario\/wp-content\/uploads\/2026\/04\/gato.jpg 1010w, http:\/\/elurbanoweb.com.ar\/diario\/wp-content\/uploads\/2026\/04\/gato-300x168.jpg 300w, http:\/\/elurbanoweb.com.ar\/diario\/wp-content\/uploads\/2026\/04\/gato-150x84.jpg 150w\" sizes=\"auto, (max-width: 1010px) 100vw, 1010px\" \/><\/p>\n<p><!--more--><\/p>\n<p>Al respecto, se indic\u00f3 que los servicios atenci\u00f3n m\u00e9dica veterinaria se realizan de lunes a viernes (d\u00edas h\u00e1biles) de 7.30 a 9.30 en el Centro de Sanidad Animal del barrio Constituci\u00f3n.<\/p>\n<p>Asimismo, se indic\u00f3 que dicha atenci\u00f3n primaria veterinaria es gratuita y consiste en curaciones, desparasitaci\u00f3n y controles generales para perros y gatos, entre otros servicios.<\/p>\n<p>De igual manera, se recuerda que la municipalidad de La Banda, a trav\u00e9s de la Secretar\u00eda de Coordinaci\u00f3n y Desarrollo Territorial, realizar\u00e1 un importante encuentro para celebrar el D\u00eda del Animal el mi\u00e9rcoles 29 a las 15 en el Paseo Trujillo, situado sobre la Av. Besares.<\/p>\n<p>El encuentro comprender\u00e1 vacunaciones y desparasitaci\u00f3n de mascotas, adopciones responsables, charlas de concientizaci\u00f3n y la entrega de turnos para castraciones.<\/p>\n<p>Tambi\u00e9n habr\u00e1 una feria de emprendedores, juegos de entretenimiento para los m\u00e1s peque\u00f1os y talleres educativos para todos aquellos que quieran participar.<\/p>\n<p>Estas acciones son impulsadas por la gesti\u00f3n del intendente Ing. Roger E. Nediani para homenajear a las mascotas como a un integrante m\u00e1s de las familias bande\u00f1as en una fecha para concientizar sobre el bienestar animal, la tenencia responsable y combatir el maltrato y el abandono.<\/p>\n","protected":false},"excerpt":{"rendered":"<p>La Municipalidad de La Banda dio a conocer los servicios gratuitos de atenci\u00f3n veterinaria que se encuentran disponibles en el Centro de Sanidad Animal ubicado en Calle 7 y Canal&hellip; <\/p>\n","protected":false},"author":1,"featured_media":69484,"comment_status":"closed","ping_status":"closed","sticky":false,"template":"","format":"standard","meta":{"footnotes":""},"categories":[9],"tags":[],"class_list":["post-69483","post","type-post","status-publish","format-standard","has-post-thumbnail","hentry","category-la-banda"],"_links":{"self":[{"href":"http:\/\/elurbanoweb.com.ar\/diario\/wp-json\/wp\/v2\/posts\/69483","targetHints":{"allow":["GET"]}}],"collection":[{"href":"http:\/\/elurbanoweb.com.ar\/diario\/wp-json\/wp\/v2\/posts"}],"about":[{"href":"http:\/\/elurbanoweb.com.ar\/diario\/wp-json\/wp\/v2\/types\/post"}],"author":[{"embeddable":true,"href":"http:\/\/elurbanoweb.com.ar\/diario\/wp-json\/wp\/v2\/users\/1"}],"replies":[{"embeddable":true,"href":"http:\/\/elurbanoweb.com.ar\/diario\/wp-json\/wp\/v2\/comments?post=69483"}],"version-history":[{"count":1,"href":"http:\/\/elurbanoweb.com.ar\/diario\/wp-json\/wp\/v2\/posts\/69483\/revisions"}],"predecessor-version":[{"id":69485,"href":"http:\/\/elurbanoweb.com.ar\/diario\/wp-json\/wp\/v2\/posts\/69483\/revisions\/69485"}],"wp:featuredmedia":[{"embeddable":true,"href":"http:\/\/elurbanoweb.com.ar\/diario\/wp-json\/wp\/v2\/media\/69484"}],"wp:attachment":[{"href":"http:\/\/elurbanoweb.com.ar\/diario\/wp-json\/wp\/v2\/media?parent=69483"}],"wp:term":[{"taxonomy":"category","embeddable":true,"href":"http:\/\/elurbanoweb.com.ar\/diario\/wp-json\/wp\/v2\/categories?post=69483"},{"taxonomy":"post_tag","embeddable":true,"href":"http:\/\/elurbanoweb.com.ar\/diario\/wp-json\/wp\/v2\/tags?post=69483"}],"curies":[{"name":"wp","href":"https:\/\/api.w.org\/{rel}","templated":true}]}}