{"id":69486,"date":"2026-04-29T09:38:24","date_gmt":"2026-04-29T12:38:24","guid":{"rendered":"https:\/\/elurbanoweb.com.ar\/diario\/?p=69486"},"modified":"2026-04-29T09:38:24","modified_gmt":"2026-04-29T12:38:24","slug":"se-realizo-con-exito-la-1-feria-de-emprendedores-cristianos-en-la-banda","status":"publish","type":"post","link":"http:\/\/elurbanoweb.com.ar\/diario\/se-realizo-con-exito-la-1-feria-de-emprendedores-cristianos-en-la-banda\/","title":{"rendered":"Se realiz\u00f3 con \u00e9xito la \u201c1\u00b0 Feria de Emprendedores Cristianos\u201d en La Banda"},"content":{"rendered":"<p>La Municipalidad de La Banda a trav\u00e9s de la Oficina de Culto acompa\u00f1\u00f3 la realizaci\u00f3n de la \u201c1\u00b0 Feria de Emprendedores Cristianos\u201d organizada por el Ministerio \u00abJes\u00fas es la Roca\u00bb perteneciente a la Asociaci\u00f3n Evang\u00e9lica \u00abAsamblea de Dios\u201d.<\/p>\n<p><img loading=\"lazy\" decoding=\"async\" class=\"alignnone wp-image-69487 size-full\" src=\"http:\/\/elurbanoweb.com.ar\/diario\/wp-content\/uploads\/2026\/04\/cristianos1.jpg\" alt=\"\" width=\"1010\" height=\"567\" srcset=\"http:\/\/elurbanoweb.com.ar\/diario\/wp-content\/uploads\/2026\/04\/cristianos1.jpg 1010w, http:\/\/elurbanoweb.com.ar\/diario\/wp-content\/uploads\/2026\/04\/cristianos1-300x168.jpg 300w, http:\/\/elurbanoweb.com.ar\/diario\/wp-content\/uploads\/2026\/04\/cristianos1-150x84.jpg 150w\" sizes=\"auto, (max-width: 1010px) 100vw, 1010px\" \/><\/p>\n<p><!--more--><\/p>\n<p>En evento se realiz\u00f3 en la sede de la congregaci\u00f3n ubicada en Av. San Martin N\u00b0 758 (casi Monteagudo) en donde emprendedores de diferentes rubros tuvieron oportunidad de exhibir y comercializar sus productos.<\/p>\n<p>Asimismo, durante el encuentro se dictaron talleres de manera gratuita sobre tem\u00e1ticas como: carpinter\u00eda, reposter\u00eda y huertas familiares.<\/p>\n<p>En la oportunidad, la pastora organizadora del evento, Paula Ceguil, indic\u00f3: \u201cDesde nuestro ministerio no solo nos abocamos a predicar la palabra de Dios sino que tambi\u00e9n a organizar actividades sociales como talleres de costura, alfabetizaci\u00f3n y m\u00fasica, merenderos tambi\u00e9n en el interior de la provincia. Desde hace poco empezamos con el proyecto de impulsar a los emprendedores dictando capacitaciones, organizando charlas para ayudar a nuestros miembros a sobrellevar esta crisis econ\u00f3mica que atraviesa el pa\u00eds\u201d.<\/p>\n<p>\u201cAgradecemos el acompa\u00f1amiento del municipio en esta actividad que nos envi\u00f3 a integrantes de la Guardia Urbana de Alerta Banda y su equipo de param\u00e9dicos, adem\u00e1s de la predisposici\u00f3n que encontramos por parte de la Oficina de Religiones y Culto en donde siempre hay apertura al dialogo sobre nuestras propuestas\u201d, finaliz\u00f3 Ceguil.<\/p>\n<p>De esta manera desde la gesti\u00f3n del intendente Ing. Roger E. Nediani se contin\u00faa respaldando las actividades religiosas y sociales impulsadas desde los diferentes sectores de la comunidad bande\u00f1a.<\/p>\n","protected":false},"excerpt":{"rendered":"<p>La Municipalidad de La Banda a trav\u00e9s de la Oficina de Culto acompa\u00f1\u00f3 la realizaci\u00f3n de la \u201c1\u00b0 Feria de Emprendedores Cristianos\u201d organizada por el Ministerio \u00abJes\u00fas es la Roca\u00bb&hellip; <\/p>\n","protected":false},"author":1,"featured_media":69487,"comment_status":"closed","ping_status":"closed","sticky":false,"template":"","format":"standard","meta":{"footnotes":""},"categories":[9],"tags":[],"class_list":["post-69486","post","type-post","status-publish","format-standard","has-post-thumbnail","hentry","category-la-banda"],"_links":{"self":[{"href":"http:\/\/elurbanoweb.com.ar\/diario\/wp-json\/wp\/v2\/posts\/69486","targetHints":{"allow":["GET"]}}],"collection":[{"href":"http:\/\/elurbanoweb.com.ar\/diario\/wp-json\/wp\/v2\/posts"}],"about":[{"href":"http:\/\/elurbanoweb.com.ar\/diario\/wp-json\/wp\/v2\/types\/post"}],"author":[{"embeddable":true,"href":"http:\/\/elurbanoweb.com.ar\/diario\/wp-json\/wp\/v2\/users\/1"}],"replies":[{"embeddable":true,"href":"http:\/\/elurbanoweb.com.ar\/diario\/wp-json\/wp\/v2\/comments?post=69486"}],"version-history":[{"count":1,"href":"http:\/\/elurbanoweb.com.ar\/diario\/wp-json\/wp\/v2\/posts\/69486\/revisions"}],"predecessor-version":[{"id":69488,"href":"http:\/\/elurbanoweb.com.ar\/diario\/wp-json\/wp\/v2\/posts\/69486\/revisions\/69488"}],"wp:featuredmedia":[{"embeddable":true,"href":"http:\/\/elurbanoweb.com.ar\/diario\/wp-json\/wp\/v2\/media\/69487"}],"wp:attachment":[{"href":"http:\/\/elurbanoweb.com.ar\/diario\/wp-json\/wp\/v2\/media?parent=69486"}],"wp:term":[{"taxonomy":"category","embeddable":true,"href":"http:\/\/elurbanoweb.com.ar\/diario\/wp-json\/wp\/v2\/categories?post=69486"},{"taxonomy":"post_tag","embeddable":true,"href":"http:\/\/elurbanoweb.com.ar\/diario\/wp-json\/wp\/v2\/tags?post=69486"}],"curies":[{"name":"wp","href":"https:\/\/api.w.org\/{rel}","templated":true}]}}