{"id":69489,"date":"2026-04-29T09:39:55","date_gmt":"2026-04-29T12:39:55","guid":{"rendered":"https:\/\/elurbanoweb.com.ar\/diario\/?p=69489"},"modified":"2026-04-29T09:39:55","modified_gmt":"2026-04-29T12:39:55","slug":"el-nuevo-hospital-de-pinto-realizo-ocho-cirugias-para-pacientes-de-la-region-con-tecnologia-de-ultima-generacion","status":"publish","type":"post","link":"http:\/\/elurbanoweb.com.ar\/diario\/el-nuevo-hospital-de-pinto-realizo-ocho-cirugias-para-pacientes-de-la-region-con-tecnologia-de-ultima-generacion\/","title":{"rendered":"El nuevo hospital de Pinto realiz\u00f3 ocho cirug\u00edas para pacientes de la regi\u00f3n con tecnolog\u00eda de \u00faltima generaci\u00f3n"},"content":{"rendered":"<p>El Hospital Zonal Dr. Francisco Calise llev\u00f3 adelante una intensa jornada quir\u00fargica con intervenciones a vecinos de Pinto, Real Sayana y Malbr\u00e1n, en el marco del Programa Quir\u00fargico Itinerante del Interior impulsado por el Ministerio de Salud provincial.<\/p>\n<p><img loading=\"lazy\" decoding=\"async\" class=\"alignnone wp-image-69490 size-full\" src=\"http:\/\/elurbanoweb.com.ar\/diario\/wp-content\/uploads\/2026\/04\/generacion.jpg\" alt=\"\" width=\"1010\" height=\"567\" srcset=\"http:\/\/elurbanoweb.com.ar\/diario\/wp-content\/uploads\/2026\/04\/generacion.jpg 1010w, http:\/\/elurbanoweb.com.ar\/diario\/wp-content\/uploads\/2026\/04\/generacion-300x168.jpg 300w, http:\/\/elurbanoweb.com.ar\/diario\/wp-content\/uploads\/2026\/04\/generacion-150x84.jpg 150w\" sizes=\"auto, (max-width: 1010px) 100vw, 1010px\" \/><\/p>\n<p><!--more--><\/p>\n<p>El nuevo Hospital Zonal Dr. Francisco Calise de Pinto concret\u00f3 una nueva jornada sanitaria de relevancia con la realizaci\u00f3n de ocho procedimientos quir\u00fargicos destinados a pacientes de la ciudad de Pinto, Real Sayana y Malbr\u00e1n, localidades comprendidas dentro de su \u00e1rea de cobertura sanitaria, que abarca los departamentos Aguirre, Mitre y Rivadavia.<\/p>\n<p>La informaci\u00f3n fue brindada por el director del centro de salud, Dr. Emanuel Olivera, quien destac\u00f3 el trabajo articulado desarrollado junto al Programa Quir\u00fargico Itinerante del Interior, dependiente del Ministerio de Salud de Santiago del Estero.<\/p>\n<p>La jornada cont\u00f3 con la coordinaci\u00f3n m\u00e9dica de la Dra. Ornella Ru\u00edz y la participaci\u00f3n de los cirujanos Dr. Maximiliano del Pino, Dr. Mat\u00edas Casta\u00f1o y Dr. Weiner. Tambi\u00e9n integraron el equipo la anestesi\u00f3loga Dra. Mar\u00eda Lina Morales, la coordinadora de quir\u00f3fano Lic. Iris Peralta, las instrumentadoras Noelia Gramajo y Andrea B\u00e1ez, la t\u00e9cnica en Rayos X Mar\u00eda Jos\u00e9 Gramaglia, el jefe de enfermer\u00eda Jos\u00e9 Gorosito, personal de maestranza y log\u00edstica.<\/p>\n<p>Cirug\u00edas de alta complejidad y r\u00e1pida recuperaci\u00f3n<\/p>\n<p>Entre las intervenciones realizadas se destacaron colecistectom\u00edas por videolaparoscopia (extirpaci\u00f3n de ves\u00edcula biliar), adem\u00e1s de cirug\u00edas de hernias y di\u00e1stasis de rectos, todas mediante t\u00e9cnicas m\u00ednimamente invasivas.<\/p>\n","protected":false},"excerpt":{"rendered":"<p>El Hospital Zonal Dr. Francisco Calise llev\u00f3 adelante una intensa jornada quir\u00fargica con intervenciones a vecinos de Pinto, Real Sayana y Malbr\u00e1n, en el marco del Programa Quir\u00fargico Itinerante del&hellip; <\/p>\n","protected":false},"author":1,"featured_media":69490,"comment_status":"closed","ping_status":"closed","sticky":false,"template":"","format":"standard","meta":{"footnotes":""},"categories":[10],"tags":[],"class_list":["post-69489","post","type-post","status-publish","format-standard","has-post-thumbnail","hentry","category-interior"],"_links":{"self":[{"href":"http:\/\/elurbanoweb.com.ar\/diario\/wp-json\/wp\/v2\/posts\/69489","targetHints":{"allow":["GET"]}}],"collection":[{"href":"http:\/\/elurbanoweb.com.ar\/diario\/wp-json\/wp\/v2\/posts"}],"about":[{"href":"http:\/\/elurbanoweb.com.ar\/diario\/wp-json\/wp\/v2\/types\/post"}],"author":[{"embeddable":true,"href":"http:\/\/elurbanoweb.com.ar\/diario\/wp-json\/wp\/v2\/users\/1"}],"replies":[{"embeddable":true,"href":"http:\/\/elurbanoweb.com.ar\/diario\/wp-json\/wp\/v2\/comments?post=69489"}],"version-history":[{"count":1,"href":"http:\/\/elurbanoweb.com.ar\/diario\/wp-json\/wp\/v2\/posts\/69489\/revisions"}],"predecessor-version":[{"id":69491,"href":"http:\/\/elurbanoweb.com.ar\/diario\/wp-json\/wp\/v2\/posts\/69489\/revisions\/69491"}],"wp:featuredmedia":[{"embeddable":true,"href":"http:\/\/elurbanoweb.com.ar\/diario\/wp-json\/wp\/v2\/media\/69490"}],"wp:attachment":[{"href":"http:\/\/elurbanoweb.com.ar\/diario\/wp-json\/wp\/v2\/media?parent=69489"}],"wp:term":[{"taxonomy":"category","embeddable":true,"href":"http:\/\/elurbanoweb.com.ar\/diario\/wp-json\/wp\/v2\/categories?post=69489"},{"taxonomy":"post_tag","embeddable":true,"href":"http:\/\/elurbanoweb.com.ar\/diario\/wp-json\/wp\/v2\/tags?post=69489"}],"curies":[{"name":"wp","href":"https:\/\/api.w.org\/{rel}","templated":true}]}}