{"id":69496,"date":"2026-04-29T09:45:46","date_gmt":"2026-04-29T12:45:46","guid":{"rendered":"https:\/\/elurbanoweb.com.ar\/diario\/?p=69496"},"modified":"2026-04-29T09:45:46","modified_gmt":"2026-04-29T12:45:46","slug":"se-llevo-a-cabo-la-reunion-de-conformacion-de-la-comision-de-discapacidad-de-la-unse-para-el-periodo-2026","status":"publish","type":"post","link":"http:\/\/elurbanoweb.com.ar\/diario\/se-llevo-a-cabo-la-reunion-de-conformacion-de-la-comision-de-discapacidad-de-la-unse-para-el-periodo-2026\/","title":{"rendered":"Se llev\u00f3 a cabo la reuni\u00f3n de conformaci\u00f3n de la Comisi\u00f3n de Discapacidad de la UNSE para el per\u00edodo 2026"},"content":{"rendered":"<p>Un espacio clave destinado a fortalecer pol\u00edticas institucionales inclusivas.<\/p>\n<p><img loading=\"lazy\" decoding=\"async\" class=\"alignnone wp-image-69497 size-large\" src=\"http:\/\/elurbanoweb.com.ar\/diario\/wp-content\/uploads\/2026\/04\/comision2-1024x537.jpg\" alt=\"\" width=\"1024\" height=\"537\" srcset=\"http:\/\/elurbanoweb.com.ar\/diario\/wp-content\/uploads\/2026\/04\/comision2-1024x537.jpg 1024w, http:\/\/elurbanoweb.com.ar\/diario\/wp-content\/uploads\/2026\/04\/comision2-300x157.jpg 300w, http:\/\/elurbanoweb.com.ar\/diario\/wp-content\/uploads\/2026\/04\/comision2-150x79.jpg 150w, http:\/\/elurbanoweb.com.ar\/diario\/wp-content\/uploads\/2026\/04\/comision2-1536x805.jpg 1536w, http:\/\/elurbanoweb.com.ar\/diario\/wp-content\/uploads\/2026\/04\/comision2.jpg 2048w\" sizes=\"auto, (max-width: 1024px) 100vw, 1024px\" \/><\/p>\n<p><!--more-->El encuentro cont\u00f3 con la presencia del rector, Lic. Marcelino Ledesma, la vicedecana, Dra. Fernanda Mellano; las coordinadoras de la comisi\u00f3n, Lic. Paola Zapella y Lic. Gisela Cabanillas, junto a representantes de distintas unidades acad\u00e9micas, \u00e1reas de gesti\u00f3n y estudiantes con discapacidad, quienes aportaron miradas y experiencias fundamentales para un abordaje integral de la tem\u00e1tica.<\/p>\n<p>Durante la jornada se reflexion\u00f3 sobre la realidad actual de la discapacidad y la accesibilidad en sus m\u00faltiples dimensiones dentro del \u00e1mbito universitario, generando un valioso intercambio de perspectivas. Adem\u00e1s, se definieron l\u00edneas iniciales de trabajo que orientar\u00e1n las acciones de la comisi\u00f3n en esta nueva etapa.<\/p>\n<p>Este espacio reafirma el compromiso de la UNSE con la construcci\u00f3n de una universidad m\u00e1s accesible, equitativa e inclusiva para toda la comunidad.<\/p>\n","protected":false},"excerpt":{"rendered":"<p>Un espacio clave destinado a fortalecer pol\u00edticas institucionales inclusivas.<\/p>\n","protected":false},"author":1,"featured_media":69497,"comment_status":"closed","ping_status":"closed","sticky":false,"template":"","format":"standard","meta":{"footnotes":""},"categories":[15],"tags":[],"class_list":["post-69496","post","type-post","status-publish","format-standard","has-post-thumbnail","hentry","category-unse"],"_links":{"self":[{"href":"http:\/\/elurbanoweb.com.ar\/diario\/wp-json\/wp\/v2\/posts\/69496","targetHints":{"allow":["GET"]}}],"collection":[{"href":"http:\/\/elurbanoweb.com.ar\/diario\/wp-json\/wp\/v2\/posts"}],"about":[{"href":"http:\/\/elurbanoweb.com.ar\/diario\/wp-json\/wp\/v2\/types\/post"}],"author":[{"embeddable":true,"href":"http:\/\/elurbanoweb.com.ar\/diario\/wp-json\/wp\/v2\/users\/1"}],"replies":[{"embeddable":true,"href":"http:\/\/elurbanoweb.com.ar\/diario\/wp-json\/wp\/v2\/comments?post=69496"}],"version-history":[{"count":1,"href":"http:\/\/elurbanoweb.com.ar\/diario\/wp-json\/wp\/v2\/posts\/69496\/revisions"}],"predecessor-version":[{"id":69498,"href":"http:\/\/elurbanoweb.com.ar\/diario\/wp-json\/wp\/v2\/posts\/69496\/revisions\/69498"}],"wp:featuredmedia":[{"embeddable":true,"href":"http:\/\/elurbanoweb.com.ar\/diario\/wp-json\/wp\/v2\/media\/69497"}],"wp:attachment":[{"href":"http:\/\/elurbanoweb.com.ar\/diario\/wp-json\/wp\/v2\/media?parent=69496"}],"wp:term":[{"taxonomy":"category","embeddable":true,"href":"http:\/\/elurbanoweb.com.ar\/diario\/wp-json\/wp\/v2\/categories?post=69496"},{"taxonomy":"post_tag","embeddable":true,"href":"http:\/\/elurbanoweb.com.ar\/diario\/wp-json\/wp\/v2\/tags?post=69496"}],"curies":[{"name":"wp","href":"https:\/\/api.w.org\/{rel}","templated":true}]}}