{"id":69506,"date":"2026-04-29T13:51:08","date_gmt":"2026-04-29T16:51:08","guid":{"rendered":"https:\/\/elurbanoweb.com.ar\/diario\/?p=69506"},"modified":"2026-04-29T13:51:08","modified_gmt":"2026-04-29T16:51:08","slug":"la-unse-sera-sede-de-las-iii-jornadas-de-fortalecimiento-de-la-investigacion-del-noa-consorcio-horco-molle","status":"publish","type":"post","link":"http:\/\/elurbanoweb.com.ar\/diario\/la-unse-sera-sede-de-las-iii-jornadas-de-fortalecimiento-de-la-investigacion-del-noa-consorcio-horco-molle\/","title":{"rendered":"La UNSE ser\u00e1 sede de las III Jornadas de Fortalecimiento de la Investigaci\u00f3n del NOA- Consorcio Horco Molle"},"content":{"rendered":"<p>La Universidad Nacional de Santiago del Estero ser\u00e1 anfitriona de este importante encuentro los d\u00edas 25 y 26 de junio de 2026, bajo el lema: \u201cLa ciencia como derecho en tiempos actuales: desaf\u00edos y compromisos\u201d.<\/p>\n<p><img loading=\"lazy\" decoding=\"async\" class=\"alignnone wp-image-69507 size-full\" src=\"http:\/\/elurbanoweb.com.ar\/diario\/wp-content\/uploads\/2026\/04\/unse1.jpg\" alt=\"\" width=\"1010\" height=\"567\" srcset=\"http:\/\/elurbanoweb.com.ar\/diario\/wp-content\/uploads\/2026\/04\/unse1.jpg 1010w, http:\/\/elurbanoweb.com.ar\/diario\/wp-content\/uploads\/2026\/04\/unse1-300x168.jpg 300w, http:\/\/elurbanoweb.com.ar\/diario\/wp-content\/uploads\/2026\/04\/unse1-150x84.jpg 150w\" sizes=\"auto, (max-width: 1010px) 100vw, 1010px\" \/><\/p>\n<p><!--more--> El evento busca fortalecer la investigaci\u00f3n cient\u00edfica en las universidades del NOA, promoviendo el intercambio de conocimientos, la difusi\u00f3n acad\u00e9mica y la participaci\u00f3n de estudiantes e investigadores.<\/p>\n<p>Participar\u00e1n instituciones de toda la regi\u00f3n, consolidando un espacio de trabajo colaborativo e interdisciplinario.<\/p>\n<p>La modalidad ser\u00e1 h\u00edbrida (presencial y virtual) y la inscripci\u00f3n es gratuita, con env\u00edo de res\u00famenes hasta el 15 de mayo.<br \/>\nUna oportunidad clave para seguir construyendo conocimiento desde y para la regi\u00f3n.<\/p>\n<p>Descarg\u00e1 la II Circular aqu\u00ed: https:\/\/go.unse.edu.ar\/05c811<\/p>\n","protected":false},"excerpt":{"rendered":"<p>La Universidad Nacional de Santiago del Estero ser\u00e1 anfitriona de este importante encuentro los d\u00edas 25 y 26 de junio de 2026, bajo el lema: \u201cLa ciencia como derecho en&hellip; <\/p>\n","protected":false},"author":1,"featured_media":69507,"comment_status":"closed","ping_status":"closed","sticky":false,"template":"","format":"standard","meta":{"footnotes":""},"categories":[15],"tags":[],"class_list":["post-69506","post","type-post","status-publish","format-standard","has-post-thumbnail","hentry","category-unse"],"_links":{"self":[{"href":"http:\/\/elurbanoweb.com.ar\/diario\/wp-json\/wp\/v2\/posts\/69506","targetHints":{"allow":["GET"]}}],"collection":[{"href":"http:\/\/elurbanoweb.com.ar\/diario\/wp-json\/wp\/v2\/posts"}],"about":[{"href":"http:\/\/elurbanoweb.com.ar\/diario\/wp-json\/wp\/v2\/types\/post"}],"author":[{"embeddable":true,"href":"http:\/\/elurbanoweb.com.ar\/diario\/wp-json\/wp\/v2\/users\/1"}],"replies":[{"embeddable":true,"href":"http:\/\/elurbanoweb.com.ar\/diario\/wp-json\/wp\/v2\/comments?post=69506"}],"version-history":[{"count":1,"href":"http:\/\/elurbanoweb.com.ar\/diario\/wp-json\/wp\/v2\/posts\/69506\/revisions"}],"predecessor-version":[{"id":69508,"href":"http:\/\/elurbanoweb.com.ar\/diario\/wp-json\/wp\/v2\/posts\/69506\/revisions\/69508"}],"wp:featuredmedia":[{"embeddable":true,"href":"http:\/\/elurbanoweb.com.ar\/diario\/wp-json\/wp\/v2\/media\/69507"}],"wp:attachment":[{"href":"http:\/\/elurbanoweb.com.ar\/diario\/wp-json\/wp\/v2\/media?parent=69506"}],"wp:term":[{"taxonomy":"category","embeddable":true,"href":"http:\/\/elurbanoweb.com.ar\/diario\/wp-json\/wp\/v2\/categories?post=69506"},{"taxonomy":"post_tag","embeddable":true,"href":"http:\/\/elurbanoweb.com.ar\/diario\/wp-json\/wp\/v2\/tags?post=69506"}],"curies":[{"name":"wp","href":"https:\/\/api.w.org\/{rel}","templated":true}]}}