{"id":69509,"date":"2026-04-29T13:53:32","date_gmt":"2026-04-29T16:53:32","guid":{"rendered":"https:\/\/elurbanoweb.com.ar\/diario\/?p=69509"},"modified":"2026-04-29T13:53:51","modified_gmt":"2026-04-29T16:53:51","slug":"se-concreto-la-firma-de-convenio-de-colaboracion-entre-la-universidad-nacional-de-santiago-del-estero-y-el-ministerio-de-educacion-de-la-provincia","status":"publish","type":"post","link":"http:\/\/elurbanoweb.com.ar\/diario\/se-concreto-la-firma-de-convenio-de-colaboracion-entre-la-universidad-nacional-de-santiago-del-estero-y-el-ministerio-de-educacion-de-la-provincia\/","title":{"rendered":"Se concret\u00f3 la firma de convenio de colaboraci\u00f3n entre la UNSE y el Ministerio de Educaci\u00f3n de la Provincia"},"content":{"rendered":"<p>Que permitir\u00e1 a los egresados de la Tecnicatura Superior de Enfermero\/a de las instituciones p\u00fablicas de gesti\u00f3n estatal y privada, acceder al segundo ciclo de la Licenciatura en Enfermer\u00eda de la Facultad de Humanidades, Ciencias Sociales y de la Salud.<\/p>\n<p><img loading=\"lazy\" decoding=\"async\" class=\"alignnone wp-image-69510 size-large\" src=\"http:\/\/elurbanoweb.com.ar\/diario\/wp-content\/uploads\/2026\/04\/convenio4-1024x683.jpg\" alt=\"\" width=\"1024\" height=\"683\" srcset=\"http:\/\/elurbanoweb.com.ar\/diario\/wp-content\/uploads\/2026\/04\/convenio4-1024x683.jpg 1024w, http:\/\/elurbanoweb.com.ar\/diario\/wp-content\/uploads\/2026\/04\/convenio4-300x200.jpg 300w, http:\/\/elurbanoweb.com.ar\/diario\/wp-content\/uploads\/2026\/04\/convenio4-150x100.jpg 150w, http:\/\/elurbanoweb.com.ar\/diario\/wp-content\/uploads\/2026\/04\/convenio4-1536x1024.jpg 1536w, http:\/\/elurbanoweb.com.ar\/diario\/wp-content\/uploads\/2026\/04\/convenio4.jpg 2048w\" sizes=\"auto, (max-width: 1024px) 100vw, 1024px\" \/><\/p>\n<p><!--more-->Rubricaron el acuerdo el rector de la UNSE, Lic. Marcelino Ledesma y la ministra de Educaci\u00f3n, Dra. Mariela Nassif, acompa\u00f1ados de la decana de la Facultad de Humanidades, Ciencias Sociales y de la Salud, Lic. Sandra Moreira; el director del Departamento de Ciencias de la Salud de la Facultad, Prof. Osbaldo Peralta, el subsecretario de Educaci\u00f3n, Prof. Alejandro P\u00edccoli y dem\u00e1s autoridades de la cartera educativa.<\/p>\n<p>El Rector indic\u00f3 que es la materializaci\u00f3n de un trabajo permanente y continuo que se realiza junto al Ministerio. \u201cVenimos a hacer aportes importantes en el proceso de profesionalizaci\u00f3n, en este caso de la enfermer\u00eda, que va a impactar en el cuidado y la atenci\u00f3n de todos los ciudadanos de Santiago del Estero, la regi\u00f3n y el pa\u00eds\u201d, dijo.<\/p>\n","protected":false},"excerpt":{"rendered":"<p>Que permitir\u00e1 a los egresados de la Tecnicatura Superior de Enfermero\/a de las instituciones p\u00fablicas de gesti\u00f3n estatal y privada, acceder al segundo ciclo de la Licenciatura en Enfermer\u00eda de&hellip; <\/p>\n","protected":false},"author":1,"featured_media":69510,"comment_status":"closed","ping_status":"closed","sticky":false,"template":"","format":"standard","meta":{"footnotes":""},"categories":[15],"tags":[],"class_list":["post-69509","post","type-post","status-publish","format-standard","has-post-thumbnail","hentry","category-unse"],"_links":{"self":[{"href":"http:\/\/elurbanoweb.com.ar\/diario\/wp-json\/wp\/v2\/posts\/69509","targetHints":{"allow":["GET"]}}],"collection":[{"href":"http:\/\/elurbanoweb.com.ar\/diario\/wp-json\/wp\/v2\/posts"}],"about":[{"href":"http:\/\/elurbanoweb.com.ar\/diario\/wp-json\/wp\/v2\/types\/post"}],"author":[{"embeddable":true,"href":"http:\/\/elurbanoweb.com.ar\/diario\/wp-json\/wp\/v2\/users\/1"}],"replies":[{"embeddable":true,"href":"http:\/\/elurbanoweb.com.ar\/diario\/wp-json\/wp\/v2\/comments?post=69509"}],"version-history":[{"count":2,"href":"http:\/\/elurbanoweb.com.ar\/diario\/wp-json\/wp\/v2\/posts\/69509\/revisions"}],"predecessor-version":[{"id":69512,"href":"http:\/\/elurbanoweb.com.ar\/diario\/wp-json\/wp\/v2\/posts\/69509\/revisions\/69512"}],"wp:featuredmedia":[{"embeddable":true,"href":"http:\/\/elurbanoweb.com.ar\/diario\/wp-json\/wp\/v2\/media\/69510"}],"wp:attachment":[{"href":"http:\/\/elurbanoweb.com.ar\/diario\/wp-json\/wp\/v2\/media?parent=69509"}],"wp:term":[{"taxonomy":"category","embeddable":true,"href":"http:\/\/elurbanoweb.com.ar\/diario\/wp-json\/wp\/v2\/categories?post=69509"},{"taxonomy":"post_tag","embeddable":true,"href":"http:\/\/elurbanoweb.com.ar\/diario\/wp-json\/wp\/v2\/tags?post=69509"}],"curies":[{"name":"wp","href":"https:\/\/api.w.org\/{rel}","templated":true}]}}