{"id":69513,"date":"2026-04-29T13:55:10","date_gmt":"2026-04-29T16:55:10","guid":{"rendered":"https:\/\/elurbanoweb.com.ar\/diario\/?p=69513"},"modified":"2026-04-29T13:55:10","modified_gmt":"2026-04-29T16:55:10","slug":"norma-fuentes-anuncio-que-los-empleados-municipales-cobraran-el-bono-de-600-000","status":"publish","type":"post","link":"http:\/\/elurbanoweb.com.ar\/diario\/norma-fuentes-anuncio-que-los-empleados-municipales-cobraran-el-bono-de-600-000\/","title":{"rendered":"Norma Fuentes anunci\u00f3 que los empleados municipales cobrar\u00e1n el bono de $600.000"},"content":{"rendered":"<p>La intendenta de la Capital, Norma Fuentes, anunci\u00f3 que la Municipalidad abonar\u00e1 el bono extraordinario de $600.000 por el D\u00eda del Trabajador al personal municipal, en consonancia con las medidas dispuestas por el gobernador El\u00edas Su\u00e1rez.<\/p>\n<p><img loading=\"lazy\" decoding=\"async\" class=\"alignnone wp-image-69514 size-full\" src=\"http:\/\/elurbanoweb.com.ar\/diario\/wp-content\/uploads\/2026\/04\/normal0.jpg\" alt=\"\" width=\"1010\" height=\"567\" srcset=\"http:\/\/elurbanoweb.com.ar\/diario\/wp-content\/uploads\/2026\/04\/normal0.jpg 1010w, http:\/\/elurbanoweb.com.ar\/diario\/wp-content\/uploads\/2026\/04\/normal0-300x168.jpg 300w, http:\/\/elurbanoweb.com.ar\/diario\/wp-content\/uploads\/2026\/04\/normal0-150x84.jpg 150w\" sizes=\"auto, (max-width: 1010px) 100vw, 1010px\" \/><\/p>\n<p><!--more--><\/p>\n<p>Seg\u00fan se inform\u00f3 oficialmente, el pago se har\u00e1 efectivo este jueves 30 de abril y alcanzar\u00e1 a los empleados de la comuna capitalina como parte de la adhesi\u00f3n al beneficio otorgado por el Gobierno provincial.<\/p>\n<p>Desde el municipio se\u00f1alaron que esta decisi\u00f3n se sostiene en el equilibrio financiero y en la administraci\u00f3n responsable de los recursos p\u00fablicos, permitiendo acompa\u00f1ar a los trabajadores en una fecha significativa como el D\u00eda del Trabajador.<\/p>\n<p>El anuncio fue realizado por la jefa comunal durante un acto de entrega de uniformes destinado al personal de la Direcci\u00f3n de Parques y Paseos, donde adem\u00e1s destac\u00f3 la importancia de continuar fortaleciendo las condiciones laborales de los empleados municipales.<\/p>\n","protected":false},"excerpt":{"rendered":"<p>La intendenta de la Capital, Norma Fuentes, anunci\u00f3 que la Municipalidad abonar\u00e1 el bono extraordinario de $600.000 por el D\u00eda del Trabajador al personal municipal, en consonancia con las medidas&hellip; <\/p>\n","protected":false},"author":1,"featured_media":69514,"comment_status":"closed","ping_status":"closed","sticky":false,"template":"","format":"standard","meta":{"footnotes":""},"categories":[3],"tags":[],"class_list":["post-69513","post","type-post","status-publish","format-standard","has-post-thumbnail","hentry","category-municipio"],"_links":{"self":[{"href":"http:\/\/elurbanoweb.com.ar\/diario\/wp-json\/wp\/v2\/posts\/69513","targetHints":{"allow":["GET"]}}],"collection":[{"href":"http:\/\/elurbanoweb.com.ar\/diario\/wp-json\/wp\/v2\/posts"}],"about":[{"href":"http:\/\/elurbanoweb.com.ar\/diario\/wp-json\/wp\/v2\/types\/post"}],"author":[{"embeddable":true,"href":"http:\/\/elurbanoweb.com.ar\/diario\/wp-json\/wp\/v2\/users\/1"}],"replies":[{"embeddable":true,"href":"http:\/\/elurbanoweb.com.ar\/diario\/wp-json\/wp\/v2\/comments?post=69513"}],"version-history":[{"count":1,"href":"http:\/\/elurbanoweb.com.ar\/diario\/wp-json\/wp\/v2\/posts\/69513\/revisions"}],"predecessor-version":[{"id":69515,"href":"http:\/\/elurbanoweb.com.ar\/diario\/wp-json\/wp\/v2\/posts\/69513\/revisions\/69515"}],"wp:featuredmedia":[{"embeddable":true,"href":"http:\/\/elurbanoweb.com.ar\/diario\/wp-json\/wp\/v2\/media\/69514"}],"wp:attachment":[{"href":"http:\/\/elurbanoweb.com.ar\/diario\/wp-json\/wp\/v2\/media?parent=69513"}],"wp:term":[{"taxonomy":"category","embeddable":true,"href":"http:\/\/elurbanoweb.com.ar\/diario\/wp-json\/wp\/v2\/categories?post=69513"},{"taxonomy":"post_tag","embeddable":true,"href":"http:\/\/elurbanoweb.com.ar\/diario\/wp-json\/wp\/v2\/tags?post=69513"}],"curies":[{"name":"wp","href":"https:\/\/api.w.org\/{rel}","templated":true}]}}