{"id":69516,"date":"2026-04-29T13:56:43","date_gmt":"2026-04-29T16:56:43","guid":{"rendered":"https:\/\/elurbanoweb.com.ar\/diario\/?p=69516"},"modified":"2026-04-29T13:56:43","modified_gmt":"2026-04-29T16:56:43","slug":"smart-city-expo-2026-la-provincia-nuevamente-sera-sede-de-las-ciudades-inteligentes-con-grandes-propuestas-tecnologicas-y-con-invitados-destacados","status":"publish","type":"post","link":"http:\/\/elurbanoweb.com.ar\/diario\/smart-city-expo-2026-la-provincia-nuevamente-sera-sede-de-las-ciudades-inteligentes-con-grandes-propuestas-tecnologicas-y-con-invitados-destacados\/","title":{"rendered":"Smart City Expo 2026: La provincia nuevamente ser\u00e1 sede de las ciudades inteligentes con grandes propuestas tecnol\u00f3gicas y con invitados destacados"},"content":{"rendered":"<p>Santiago del Estero se prepara para recibir la Smart City Expo, un encuentro internacional de gran relevancia enfocado en innovaci\u00f3n, tecnolog\u00eda y desarrollo urbano, que la ubicar\u00e1 como un actor estrat\u00e9gico dentro del ecosistema global de ciudades inteligentes.<\/p>\n<p><img loading=\"lazy\" decoding=\"async\" class=\"alignnone wp-image-69517 size-large\" src=\"http:\/\/elurbanoweb.com.ar\/diario\/wp-content\/uploads\/2026\/04\/city-1024x682.jpg\" alt=\"\" width=\"1024\" height=\"682\" srcset=\"http:\/\/elurbanoweb.com.ar\/diario\/wp-content\/uploads\/2026\/04\/city-1024x682.jpg 1024w, http:\/\/elurbanoweb.com.ar\/diario\/wp-content\/uploads\/2026\/04\/city-300x200.jpg 300w, http:\/\/elurbanoweb.com.ar\/diario\/wp-content\/uploads\/2026\/04\/city-150x100.jpg 150w, http:\/\/elurbanoweb.com.ar\/diario\/wp-content\/uploads\/2026\/04\/city.jpg 1280w\" sizes=\"auto, (max-width: 1024px) 100vw, 1024px\" \/><\/p>\n<p><!--more--><\/p>\n<p>Con fecha pautada para los d\u00edas 20 y 21 de mayo, se desarrollar\u00e1 en el F\u00f3rum Centro de Convenciones, donde se dar\u00e1n cita especialistas, empresas y referentes del sector para debatir sobre el futuro de las ciudades, la transformaci\u00f3n digital y las herramientas que permiten mejorar la calidad de vida urbana.<\/p>\n<p>En este marco, ya se confirm\u00f3 la participaci\u00f3n de figuras de renombre nacional como Mario Pergolini y Diego Golombek, quienes aportar\u00e1n su mirada en torno a la tecnolog\u00eda, la comunicaci\u00f3n y la salud en entornos urbanos.<\/p>\n<p>Por un lado, Pergolini encabezar\u00e1 el espacio \u201cOtra charla perdida: mano a mano con Mario Pergolini\u201d, donde abordar\u00e1 la transformaci\u00f3n de los medios y el impacto de las plataformas digitales en la sociedad actual. Por otro, Golombek presentar\u00e1 la conferencia \u201cLa ciudad circadiana: influencia de los ritmos y relojes biol\u00f3gicos en la salud y en la sociedad\u201d, centrada en la relaci\u00f3n entre ciencia, salud y vida urbana.<\/p>\n<p>Desde la organizaci\u00f3n destacan que la experiencia ir\u00e1 m\u00e1s all\u00e1 de las jornadas de la Expo. Quienes visiten la provincia podr\u00e1n recorrer sus principales atractivos tur\u00edsticos y culturales, consolidando a Santiago del Estero como un destino que combina innovaci\u00f3n con identidad.<\/p>\n<p>Entre los sitios recomendados figuran la Plaza Libertad, coraz\u00f3n hist\u00f3rico de la ciudad; la Catedral Bas\u00edlica de Santiago del Estero, uno de los templos m\u00e1s emblem\u00e1ticos del pa\u00eds; el Centro Cultural del Bicentenario, que integra historia, arte y tecnolog\u00eda; y la Costanera del R\u00edo Dulce, un espacio renovado ideal para disfrutar del entorno natural.<\/p>\n<p>Se espera una importante convocatoria tanto nacional como internacional, por lo que se aconseja planificar la estad\u00eda con anticipaci\u00f3n. La provincia cuenta con una amplia oferta hotelera en la capital y en destinos cercanos como Termas de R\u00edo Hondo, reconocida por su infraestructura tur\u00edstica de primer nivel.<\/p>\n<p>Adem\u00e1s, empresas e instituciones podr\u00e1n participar con stands dentro de la Expo, generando oportunidades de networking, visibilidad y desarrollo de negocios en un entorno orientado a la innovaci\u00f3n.<\/p>\n<p>Para m\u00e1s informaci\u00f3n sobre inscripciones, reservas y espacios de participaci\u00f3n, se puede consultar el sitio oficial del evento o escribir a contacto@smartcityexposantiagodelestero.com.<\/p>\n<p>Con esta propuesta, Santiago del Estero refuerza su proyecci\u00f3n internacional como una ciudad que apuesta al desarrollo sostenible, la tecnolog\u00eda y la innovaci\u00f3n, sin dejar de lado su riqueza cultural e hist\u00f3rica.<\/p>\n","protected":false},"excerpt":{"rendered":"<p>Santiago del Estero se prepara para recibir la Smart City Expo, un encuentro internacional de gran relevancia enfocado en innovaci\u00f3n, tecnolog\u00eda y desarrollo urbano, que la ubicar\u00e1 como un actor&hellip; <\/p>\n","protected":false},"author":1,"featured_media":69517,"comment_status":"closed","ping_status":"closed","sticky":false,"template":"","format":"standard","meta":{"footnotes":""},"categories":[16],"tags":[],"class_list":["post-69516","post","type-post","status-publish","format-standard","has-post-thumbnail","hentry","category-locales"],"_links":{"self":[{"href":"http:\/\/elurbanoweb.com.ar\/diario\/wp-json\/wp\/v2\/posts\/69516","targetHints":{"allow":["GET"]}}],"collection":[{"href":"http:\/\/elurbanoweb.com.ar\/diario\/wp-json\/wp\/v2\/posts"}],"about":[{"href":"http:\/\/elurbanoweb.com.ar\/diario\/wp-json\/wp\/v2\/types\/post"}],"author":[{"embeddable":true,"href":"http:\/\/elurbanoweb.com.ar\/diario\/wp-json\/wp\/v2\/users\/1"}],"replies":[{"embeddable":true,"href":"http:\/\/elurbanoweb.com.ar\/diario\/wp-json\/wp\/v2\/comments?post=69516"}],"version-history":[{"count":1,"href":"http:\/\/elurbanoweb.com.ar\/diario\/wp-json\/wp\/v2\/posts\/69516\/revisions"}],"predecessor-version":[{"id":69518,"href":"http:\/\/elurbanoweb.com.ar\/diario\/wp-json\/wp\/v2\/posts\/69516\/revisions\/69518"}],"wp:featuredmedia":[{"embeddable":true,"href":"http:\/\/elurbanoweb.com.ar\/diario\/wp-json\/wp\/v2\/media\/69517"}],"wp:attachment":[{"href":"http:\/\/elurbanoweb.com.ar\/diario\/wp-json\/wp\/v2\/media?parent=69516"}],"wp:term":[{"taxonomy":"category","embeddable":true,"href":"http:\/\/elurbanoweb.com.ar\/diario\/wp-json\/wp\/v2\/categories?post=69516"},{"taxonomy":"post_tag","embeddable":true,"href":"http:\/\/elurbanoweb.com.ar\/diario\/wp-json\/wp\/v2\/tags?post=69516"}],"curies":[{"name":"wp","href":"https:\/\/api.w.org\/{rel}","templated":true}]}}