{"id":69519,"date":"2026-04-29T19:33:55","date_gmt":"2026-04-29T22:33:55","guid":{"rendered":"https:\/\/elurbanoweb.com.ar\/diario\/?p=69519"},"modified":"2026-04-29T19:33:55","modified_gmt":"2026-04-29T22:33:55","slug":"adunse-designacion-de-representantes-para-integrar-la-comision-de-carrera-docente-de-la-unse","status":"publish","type":"post","link":"http:\/\/elurbanoweb.com.ar\/diario\/adunse-designacion-de-representantes-para-integrar-la-comision-de-carrera-docente-de-la-unse\/","title":{"rendered":"ADUNSE \u2013 Designaci\u00f3n de representantes para integrar la Comisi\u00f3n de Carrera Docente de la UNSE"},"content":{"rendered":"<p>Desde ADUNSE informamos que la Comisi\u00f3n Directiva ha designado como representantes de nuestro gremio ante la Comisi\u00f3n de Carrera Docente de la UNSE al Dr. Jos\u00e9 Galiano, como miembro titular, y a la Lic. Paula Barrera Nicholson, como miembro alterna.<\/p>\n<p><img loading=\"lazy\" decoding=\"async\" class=\"alignnone wp-image-69520 size-full\" src=\"http:\/\/elurbanoweb.com.ar\/diario\/wp-content\/uploads\/2026\/04\/aso.jpg\" alt=\"\" width=\"529\" height=\"835\" srcset=\"http:\/\/elurbanoweb.com.ar\/diario\/wp-content\/uploads\/2026\/04\/aso.jpg 529w, http:\/\/elurbanoweb.com.ar\/diario\/wp-content\/uploads\/2026\/04\/aso-190x300.jpg 190w, http:\/\/elurbanoweb.com.ar\/diario\/wp-content\/uploads\/2026\/04\/aso-95x150.jpg 95w\" sizes=\"auto, (max-width: 529px) 100vw, 529px\" \/><\/p>\n<p><!--more--><\/p>\n<p>Dicha representaci\u00f3n se realiza en un todo de acuerdo con la Resoluci\u00f3n HCS N.\u00ba 237\/2012, Cap\u00edtulo V, Art\u00edculo 21.<\/p>\n<p>Desde ADUNSE deseamos \u00e9xitos a nuestros representantes gremiales en esta tarea, destacando su compromiso con el claustro docente.<\/p>\n<p>Atte.<br \/>\nDr. Santiago Com\u00e1n<br \/>\nSecretario General de ADUNSE \u2013 CONADU<\/p>\n","protected":false},"excerpt":{"rendered":"<p>Desde ADUNSE informamos que la Comisi\u00f3n Directiva ha designado como representantes de nuestro gremio ante la Comisi\u00f3n de Carrera Docente de la UNSE al Dr. Jos\u00e9 Galiano, como miembro titular,&hellip; <\/p>\n","protected":false},"author":1,"featured_media":69521,"comment_status":"closed","ping_status":"closed","sticky":false,"template":"","format":"standard","meta":{"footnotes":""},"categories":[15],"tags":[],"class_list":["post-69519","post","type-post","status-publish","format-standard","has-post-thumbnail","hentry","category-unse"],"_links":{"self":[{"href":"http:\/\/elurbanoweb.com.ar\/diario\/wp-json\/wp\/v2\/posts\/69519","targetHints":{"allow":["GET"]}}],"collection":[{"href":"http:\/\/elurbanoweb.com.ar\/diario\/wp-json\/wp\/v2\/posts"}],"about":[{"href":"http:\/\/elurbanoweb.com.ar\/diario\/wp-json\/wp\/v2\/types\/post"}],"author":[{"embeddable":true,"href":"http:\/\/elurbanoweb.com.ar\/diario\/wp-json\/wp\/v2\/users\/1"}],"replies":[{"embeddable":true,"href":"http:\/\/elurbanoweb.com.ar\/diario\/wp-json\/wp\/v2\/comments?post=69519"}],"version-history":[{"count":1,"href":"http:\/\/elurbanoweb.com.ar\/diario\/wp-json\/wp\/v2\/posts\/69519\/revisions"}],"predecessor-version":[{"id":69522,"href":"http:\/\/elurbanoweb.com.ar\/diario\/wp-json\/wp\/v2\/posts\/69519\/revisions\/69522"}],"wp:featuredmedia":[{"embeddable":true,"href":"http:\/\/elurbanoweb.com.ar\/diario\/wp-json\/wp\/v2\/media\/69521"}],"wp:attachment":[{"href":"http:\/\/elurbanoweb.com.ar\/diario\/wp-json\/wp\/v2\/media?parent=69519"}],"wp:term":[{"taxonomy":"category","embeddable":true,"href":"http:\/\/elurbanoweb.com.ar\/diario\/wp-json\/wp\/v2\/categories?post=69519"},{"taxonomy":"post_tag","embeddable":true,"href":"http:\/\/elurbanoweb.com.ar\/diario\/wp-json\/wp\/v2\/tags?post=69519"}],"curies":[{"name":"wp","href":"https:\/\/api.w.org\/{rel}","templated":true}]}}