{"id":69523,"date":"2026-04-29T19:36:36","date_gmt":"2026-04-29T22:36:36","guid":{"rendered":"https:\/\/elurbanoweb.com.ar\/diario\/?p=69523"},"modified":"2026-04-29T19:36:36","modified_gmt":"2026-04-29T22:36:36","slug":"adunse-se-reunio-con-autoridades-del-consejo-profesional-de-la-ingenieria-y-afines-cpia","status":"publish","type":"post","link":"http:\/\/elurbanoweb.com.ar\/diario\/adunse-se-reunio-con-autoridades-del-consejo-profesional-de-la-ingenieria-y-afines-cpia\/","title":{"rendered":"ADUNSE se reuni\u00f3 con autoridades del Consejo Profesional de la Ingenier\u00eda y Afines (CPIA)"},"content":{"rendered":"<p>Desde ADUNSE informamos que el pasado martes 28 de abril se llev\u00f3 a cabo una reuni\u00f3n con la Comisi\u00f3n Directiva del Consejo Profesional de la Ingenier\u00eda y Afines (CPIA).<\/p>\n<p><img loading=\"lazy\" decoding=\"async\" class=\"alignnone wp-image-69524 size-full\" src=\"http:\/\/elurbanoweb.com.ar\/diario\/wp-content\/uploads\/2026\/04\/barra.jpg\" alt=\"\" width=\"837\" height=\"387\" srcset=\"http:\/\/elurbanoweb.com.ar\/diario\/wp-content\/uploads\/2026\/04\/barra.jpg 837w, http:\/\/elurbanoweb.com.ar\/diario\/wp-content\/uploads\/2026\/04\/barra-300x139.jpg 300w, http:\/\/elurbanoweb.com.ar\/diario\/wp-content\/uploads\/2026\/04\/barra-150x69.jpg 150w\" sizes=\"auto, (max-width: 837px) 100vw, 837px\" \/><\/p>\n<p><!--more-->El encuentro tuvo como objetivo continuar fortaleciendo los v\u00ednculos institucionales entre ADUNSE y el CPIA, en el marco del convenio vigente entre ambas entidades y en pos de articular acciones conjuntas en \u00e1reas de inter\u00e9s com\u00fan.<\/p>\n<p>Participaron por ADUNSE el Secretario General, Dr. Santiago Com\u00e1n, y el Secretario General Adjunto, Ing. Francisco Ruiz. En representaci\u00f3n del CPIA estuvieron presentes su Presidente, Ing. Mario Mondino, junto a integrantes de la Comisi\u00f3n Directiva.<\/p>\n<p>Atentamente,<br \/>\nDr. Santiago Com\u00e1n<br \/>\nSecretario General de ADUNSE \u2013 CONADU<\/p>\n","protected":false},"excerpt":{"rendered":"<p>Desde ADUNSE informamos que el pasado martes 28 de abril se llev\u00f3 a cabo una reuni\u00f3n con la Comisi\u00f3n Directiva del Consejo Profesional de la Ingenier\u00eda y Afines (CPIA).<\/p>\n","protected":false},"author":1,"featured_media":69524,"comment_status":"closed","ping_status":"closed","sticky":false,"template":"","format":"standard","meta":{"footnotes":""},"categories":[15],"tags":[],"class_list":["post-69523","post","type-post","status-publish","format-standard","has-post-thumbnail","hentry","category-unse"],"_links":{"self":[{"href":"http:\/\/elurbanoweb.com.ar\/diario\/wp-json\/wp\/v2\/posts\/69523","targetHints":{"allow":["GET"]}}],"collection":[{"href":"http:\/\/elurbanoweb.com.ar\/diario\/wp-json\/wp\/v2\/posts"}],"about":[{"href":"http:\/\/elurbanoweb.com.ar\/diario\/wp-json\/wp\/v2\/types\/post"}],"author":[{"embeddable":true,"href":"http:\/\/elurbanoweb.com.ar\/diario\/wp-json\/wp\/v2\/users\/1"}],"replies":[{"embeddable":true,"href":"http:\/\/elurbanoweb.com.ar\/diario\/wp-json\/wp\/v2\/comments?post=69523"}],"version-history":[{"count":1,"href":"http:\/\/elurbanoweb.com.ar\/diario\/wp-json\/wp\/v2\/posts\/69523\/revisions"}],"predecessor-version":[{"id":69525,"href":"http:\/\/elurbanoweb.com.ar\/diario\/wp-json\/wp\/v2\/posts\/69523\/revisions\/69525"}],"wp:featuredmedia":[{"embeddable":true,"href":"http:\/\/elurbanoweb.com.ar\/diario\/wp-json\/wp\/v2\/media\/69524"}],"wp:attachment":[{"href":"http:\/\/elurbanoweb.com.ar\/diario\/wp-json\/wp\/v2\/media?parent=69523"}],"wp:term":[{"taxonomy":"category","embeddable":true,"href":"http:\/\/elurbanoweb.com.ar\/diario\/wp-json\/wp\/v2\/categories?post=69523"},{"taxonomy":"post_tag","embeddable":true,"href":"http:\/\/elurbanoweb.com.ar\/diario\/wp-json\/wp\/v2\/tags?post=69523"}],"curies":[{"name":"wp","href":"https:\/\/api.w.org\/{rel}","templated":true}]}}