{"id":69526,"date":"2026-04-29T19:41:30","date_gmt":"2026-04-29T22:41:30","guid":{"rendered":"https:\/\/elurbanoweb.com.ar\/diario\/?p=69526"},"modified":"2026-04-29T19:41:30","modified_gmt":"2026-04-29T22:41:30","slug":"curso-virtual-gestion-de-redes-sociales-para-emprendedores-y-startups","status":"publish","type":"post","link":"http:\/\/elurbanoweb.com.ar\/diario\/curso-virtual-gestion-de-redes-sociales-para-emprendedores-y-startups\/","title":{"rendered":"Curso virtual \u00abGesti\u00f3n de redes sociales para Emprendedores y Startups\u00bb"},"content":{"rendered":"<p>La Facultad de Ciencias Exactas y Tecnolog\u00edas de la UNSE lanza el curso virtual \u201cGesti\u00f3n de Redes Sociales para Emprendedores y Startups\u201d, una propuesta formativa orientada a fortalecer competencias en comunicaci\u00f3n digital y gesti\u00f3n estrat\u00e9gica de redes sociales.<\/p>\n<p><img loading=\"lazy\" decoding=\"async\" class=\"alignnone wp-image-69527 size-full\" src=\"http:\/\/elurbanoweb.com.ar\/diario\/wp-content\/uploads\/2026\/04\/linda2.jpg\" alt=\"\" width=\"623\" height=\"515\" srcset=\"http:\/\/elurbanoweb.com.ar\/diario\/wp-content\/uploads\/2026\/04\/linda2.jpg 623w, http:\/\/elurbanoweb.com.ar\/diario\/wp-content\/uploads\/2026\/04\/linda2-300x248.jpg 300w, http:\/\/elurbanoweb.com.ar\/diario\/wp-content\/uploads\/2026\/04\/linda2-150x124.jpg 150w\" sizes=\"auto, (max-width: 623px) 100vw, 623px\" \/><\/p>\n<p><!--more-->Esta capacitaci\u00f3n forma parte de la oferta de cursos que se dictan desde la Escuela de Formaci\u00f3n T\u00e9cnica del Instituto de Tecnolog\u00edas Aplicadas, en el marco de las acciones de formaci\u00f3n continua impulsadas por la Facultad de Ciencias Exactas y Tecnolog\u00edas.<\/p>\n<p>El curso ser\u00e1 dictado por la Lic. Victoria Muratore y est\u00e1 destinado a estudiantes, docentes y nodocentes de la Facultad de Ciencias Exactas y de otras Facultades de la UNSE, as\u00ed como a emprendedores y p\u00fablico general interesados en potenciar proyectos personales y profesionales.<\/p>\n<p>A lo largo de cinco m\u00f3dulos te\u00f3rico-pr\u00e1cticos, las y los participantes adquirir\u00e1n herramientas para planificar, producir y evaluar contenidos digitales, analizar m\u00e9tricas, gestionar comunidades online y desarrollar estrategias de comunicaci\u00f3n eficaces en entornos virtuales reales.<\/p>\n<p>La propuesta se dicta en modalidad virtual, con una carga horaria total de 30 horas, combinando instancias sincr\u00f3nicas y asincr\u00f3nicas que favorecen un aprendizaje flexible, din\u00e1mico y aplicado. No se requieren conocimientos previos en comunicaci\u00f3n o marketing digital. La primera clase tendr\u00e1 lugar el 14 de mayo pr\u00f3ximo.<\/p>\n<p>Con esta iniciativa, la UNSE contin\u00faa impulsando espacios de formaci\u00f3n orientados al desarrollo de competencias digitales clave para el \u00e1mbito acad\u00e9mico, profesional y emprendedor.<\/p>\n<p>Las inscripciones se encuentran abiertas en https:\/\/ita.unse.edu.ar\/eft\/<\/p>\n","protected":false},"excerpt":{"rendered":"<p>La Facultad de Ciencias Exactas y Tecnolog\u00edas de la UNSE lanza el curso virtual \u201cGesti\u00f3n de Redes Sociales para Emprendedores y Startups\u201d, una propuesta formativa orientada a fortalecer competencias en&hellip; <\/p>\n","protected":false},"author":1,"featured_media":69527,"comment_status":"closed","ping_status":"closed","sticky":false,"template":"","format":"standard","meta":{"footnotes":""},"categories":[15],"tags":[],"class_list":["post-69526","post","type-post","status-publish","format-standard","has-post-thumbnail","hentry","category-unse"],"_links":{"self":[{"href":"http:\/\/elurbanoweb.com.ar\/diario\/wp-json\/wp\/v2\/posts\/69526","targetHints":{"allow":["GET"]}}],"collection":[{"href":"http:\/\/elurbanoweb.com.ar\/diario\/wp-json\/wp\/v2\/posts"}],"about":[{"href":"http:\/\/elurbanoweb.com.ar\/diario\/wp-json\/wp\/v2\/types\/post"}],"author":[{"embeddable":true,"href":"http:\/\/elurbanoweb.com.ar\/diario\/wp-json\/wp\/v2\/users\/1"}],"replies":[{"embeddable":true,"href":"http:\/\/elurbanoweb.com.ar\/diario\/wp-json\/wp\/v2\/comments?post=69526"}],"version-history":[{"count":1,"href":"http:\/\/elurbanoweb.com.ar\/diario\/wp-json\/wp\/v2\/posts\/69526\/revisions"}],"predecessor-version":[{"id":69528,"href":"http:\/\/elurbanoweb.com.ar\/diario\/wp-json\/wp\/v2\/posts\/69526\/revisions\/69528"}],"wp:featuredmedia":[{"embeddable":true,"href":"http:\/\/elurbanoweb.com.ar\/diario\/wp-json\/wp\/v2\/media\/69527"}],"wp:attachment":[{"href":"http:\/\/elurbanoweb.com.ar\/diario\/wp-json\/wp\/v2\/media?parent=69526"}],"wp:term":[{"taxonomy":"category","embeddable":true,"href":"http:\/\/elurbanoweb.com.ar\/diario\/wp-json\/wp\/v2\/categories?post=69526"},{"taxonomy":"post_tag","embeddable":true,"href":"http:\/\/elurbanoweb.com.ar\/diario\/wp-json\/wp\/v2\/tags?post=69526"}],"curies":[{"name":"wp","href":"https:\/\/api.w.org\/{rel}","templated":true}]}}