{"id":69529,"date":"2026-04-30T09:41:57","date_gmt":"2026-04-30T12:41:57","guid":{"rendered":"https:\/\/elurbanoweb.com.ar\/diario\/?p=69529"},"modified":"2026-04-30T09:41:57","modified_gmt":"2026-04-30T12:41:57","slug":"nediani-lanzo-el-programa-municipal-para-el-cuidado-integral-de-la-mujer-embarazada","status":"publish","type":"post","link":"http:\/\/elurbanoweb.com.ar\/diario\/nediani-lanzo-el-programa-municipal-para-el-cuidado-integral-de-la-mujer-embarazada\/","title":{"rendered":"Nediani lanz\u00f3 el Programa Municipal para el Cuidado Integral de la Mujer Embarazada"},"content":{"rendered":"<p>El intendente Ing. Roger Nediani encabez\u00f3 el lanzamiento del Programa Municipal \u00abCuidado Integral de la Mujer Embarazada\u00bb que fue presentado con el objetivo de acompa\u00f1ar a las mujeres bande\u00f1as que atraviesan el periodo de gestaci\u00f3n y que es impulsado por la Secretaria de Coordinaci\u00f3n y Desarrollo Territorial.<\/p>\n<p><img loading=\"lazy\" decoding=\"async\" class=\"alignnone wp-image-69530 size-full\" src=\"http:\/\/elurbanoweb.com.ar\/diario\/wp-content\/uploads\/2026\/04\/cuidado5.jpg\" alt=\"\" width=\"1010\" height=\"567\" srcset=\"http:\/\/elurbanoweb.com.ar\/diario\/wp-content\/uploads\/2026\/04\/cuidado5.jpg 1010w, http:\/\/elurbanoweb.com.ar\/diario\/wp-content\/uploads\/2026\/04\/cuidado5-300x168.jpg 300w, http:\/\/elurbanoweb.com.ar\/diario\/wp-content\/uploads\/2026\/04\/cuidado5-150x84.jpg 150w\" sizes=\"auto, (max-width: 1010px) 100vw, 1010px\" \/><\/p>\n<p><!--more--><\/p>\n<p>El lanzamiento de este innovador programa se realiz\u00f3 desde las instalaciones de la Escuela Municipal de Rob\u00f3tica y Programaci\u00f3n como una forma m\u00e1s de que el Estado Municipal pueda tener mayor acceso a la salud, cuidado preventivo y espacios de asesoramiento y acompa\u00f1amiento profesional de las mujeres durante y despu\u00e9s del embarazo.<\/p>\n<p>En la oportunidad, se realiz\u00f3 la presentaci\u00f3n del protocolo de atenci\u00f3n que incluir\u00e1 consultorios abiertos con profesionales m\u00e9dicos de diferentes especialidades, entrega de kits a embarazadas, vacunaci\u00f3n y Preparaci\u00f3n Integral de la Maternidad (PIM).<\/p>\n<p>Asimismo, se hizo presente el sacerdote de la \u00abParroquia Cristo Rey\u00bb, Gast\u00f3n Cuello, quien realiz\u00f3 la tradicional \u201cBendici\u00f3n de vientres\u201d y destac\u00f3 las pol\u00edticas impulsadas por el municipio.<\/p>\n<p>De igual manera estuvieron presentes autoridades del \u00e1rea de Salud Municipal, integrantes de los diferentes Centros de Atenci\u00f3n M\u00e9dica Municipal (CAMM), equipo de vacunadoras y miembros del Servicio de Obstetricia Municipal.<\/p>\n<p>Al finalizar, el acto de presentaci\u00f3n el intendente Nediani realiz\u00f3 la entrega de insumos para los CAMM correspondientes al programa como equipos detectores de latidos fetales y equipamiento para la actividad f\u00edsica de las embarazadas como parte de la preparaci\u00f3n pre natal.<\/p>\n<p>Sobre la importancia de la presentaci\u00f3n de esta propuesta, el jefe comunal se\u00f1al\u00f3: \u201cEs algo hist\u00f3rico y queremos visibilizar el trabajo que realiza el municipio en el acompa\u00f1amiento de una etapa tan especial en la vida de la mujer como lo es el embarazo. Sabemos bien que la crisis econ\u00f3mica que afecta al pa\u00eds perjudica tambi\u00e9n a mujeres en estado de vulnerabilidad que est\u00e1n atravesando un embarazo y que necesitan ser acompa\u00f1adas y cuidadas a trav\u00e9s de diferentes servicios integrales que estar\u00e1n a su disposici\u00f3n en todos los CAMM, CIC San Carlos y Salas de Atenci\u00f3n Primaria que dependen del municipio\u201d.<\/p>\n","protected":false},"excerpt":{"rendered":"<p>El intendente Ing. Roger Nediani encabez\u00f3 el lanzamiento del Programa Municipal \u00abCuidado Integral de la Mujer Embarazada\u00bb que fue presentado con el objetivo de acompa\u00f1ar a las mujeres bande\u00f1as que&hellip; <\/p>\n","protected":false},"author":1,"featured_media":69530,"comment_status":"closed","ping_status":"closed","sticky":false,"template":"","format":"standard","meta":{"footnotes":""},"categories":[9],"tags":[],"class_list":["post-69529","post","type-post","status-publish","format-standard","has-post-thumbnail","hentry","category-la-banda"],"_links":{"self":[{"href":"http:\/\/elurbanoweb.com.ar\/diario\/wp-json\/wp\/v2\/posts\/69529","targetHints":{"allow":["GET"]}}],"collection":[{"href":"http:\/\/elurbanoweb.com.ar\/diario\/wp-json\/wp\/v2\/posts"}],"about":[{"href":"http:\/\/elurbanoweb.com.ar\/diario\/wp-json\/wp\/v2\/types\/post"}],"author":[{"embeddable":true,"href":"http:\/\/elurbanoweb.com.ar\/diario\/wp-json\/wp\/v2\/users\/1"}],"replies":[{"embeddable":true,"href":"http:\/\/elurbanoweb.com.ar\/diario\/wp-json\/wp\/v2\/comments?post=69529"}],"version-history":[{"count":1,"href":"http:\/\/elurbanoweb.com.ar\/diario\/wp-json\/wp\/v2\/posts\/69529\/revisions"}],"predecessor-version":[{"id":69531,"href":"http:\/\/elurbanoweb.com.ar\/diario\/wp-json\/wp\/v2\/posts\/69529\/revisions\/69531"}],"wp:featuredmedia":[{"embeddable":true,"href":"http:\/\/elurbanoweb.com.ar\/diario\/wp-json\/wp\/v2\/media\/69530"}],"wp:attachment":[{"href":"http:\/\/elurbanoweb.com.ar\/diario\/wp-json\/wp\/v2\/media?parent=69529"}],"wp:term":[{"taxonomy":"category","embeddable":true,"href":"http:\/\/elurbanoweb.com.ar\/diario\/wp-json\/wp\/v2\/categories?post=69529"},{"taxonomy":"post_tag","embeddable":true,"href":"http:\/\/elurbanoweb.com.ar\/diario\/wp-json\/wp\/v2\/tags?post=69529"}],"curies":[{"name":"wp","href":"https:\/\/api.w.org\/{rel}","templated":true}]}}