{"id":69532,"date":"2026-04-30T09:43:21","date_gmt":"2026-04-30T12:43:21","guid":{"rendered":"https:\/\/elurbanoweb.com.ar\/diario\/?p=69532"},"modified":"2026-04-30T09:43:21","modified_gmt":"2026-04-30T12:43:21","slug":"se-presentaran-estrenos-imperdibles-en-el-renzi-como-el-diablo-se-viste-a-la-moda-2","status":"publish","type":"post","link":"http:\/\/elurbanoweb.com.ar\/diario\/se-presentaran-estrenos-imperdibles-en-el-renzi-como-el-diablo-se-viste-a-la-moda-2\/","title":{"rendered":"Se presentar\u00e1n estrenos imperdibles en el Renzi como \u2018El Diablo se viste a la Moda 2\u2019"},"content":{"rendered":"<p>La Municipalidad de La Banda invita a la comunidad a disfrutar de la nueva programaci\u00f3n del Cine Teatro Renzi, que renueva su cartelera con destacadas propuestas cinematogr\u00e1ficas para todos los gustos.<\/p>\n<p><img loading=\"lazy\" decoding=\"async\" class=\"alignnone wp-image-69533 size-full\" src=\"http:\/\/elurbanoweb.com.ar\/diario\/wp-content\/uploads\/2026\/04\/renzi00-1.jpg\" alt=\"\" width=\"1010\" height=\"567\" srcset=\"http:\/\/elurbanoweb.com.ar\/diario\/wp-content\/uploads\/2026\/04\/renzi00-1.jpg 1010w, http:\/\/elurbanoweb.com.ar\/diario\/wp-content\/uploads\/2026\/04\/renzi00-1-300x168.jpg 300w, http:\/\/elurbanoweb.com.ar\/diario\/wp-content\/uploads\/2026\/04\/renzi00-1-150x84.jpg 150w\" sizes=\"auto, (max-width: 1010px) 100vw, 1010px\" \/><\/p>\n<p><!--more--><\/p>\n<p>Las funciones se desarrollar\u00e1n del 30 de abril al 6 de mayo, con una variada selecci\u00f3n de pel\u00edculas que incluyen estrenos y producciones para todo p\u00fablico.<\/p>\n<p>Entre los t\u00edtulos que podr\u00e1n disfrutarse se encuentra \u201cEl Diablo se viste a la Moda 2\u201d, con funciones a las 15:45 y 22:00 horas; \u201cMichael: La Historia de Michael Jackson\u201d, que se proyectar\u00e1 a las 17:50 horas; y la pel\u00edcula \u201cLa Casaca de Dios\u201d, que tendr\u00e1 funciones los d\u00edas jueves y s\u00e1bado a las 20:00 horas, en el marco del espacio INCAA.<\/p>\n<p>Desde el municipio se contin\u00faa promoviendo el acceso a la cultura y el entretenimiento, ofreciendo una programaci\u00f3n accesible y de calidad para vecinos y visitantes.<\/p>\n<p>De esta manera, el Cine Teatro Renzi se consolida como un espacio de encuentro para las familias bande\u00f1as, fortaleciendo la actividad cultural en la ciudad.<\/p>\n","protected":false},"excerpt":{"rendered":"<p>La Municipalidad de La Banda invita a la comunidad a disfrutar de la nueva programaci\u00f3n del Cine Teatro Renzi, que renueva su cartelera con destacadas propuestas cinematogr\u00e1ficas para todos los&hellip; <\/p>\n","protected":false},"author":1,"featured_media":69533,"comment_status":"closed","ping_status":"closed","sticky":false,"template":"","format":"standard","meta":{"footnotes":""},"categories":[9],"tags":[],"class_list":["post-69532","post","type-post","status-publish","format-standard","has-post-thumbnail","hentry","category-la-banda"],"_links":{"self":[{"href":"http:\/\/elurbanoweb.com.ar\/diario\/wp-json\/wp\/v2\/posts\/69532","targetHints":{"allow":["GET"]}}],"collection":[{"href":"http:\/\/elurbanoweb.com.ar\/diario\/wp-json\/wp\/v2\/posts"}],"about":[{"href":"http:\/\/elurbanoweb.com.ar\/diario\/wp-json\/wp\/v2\/types\/post"}],"author":[{"embeddable":true,"href":"http:\/\/elurbanoweb.com.ar\/diario\/wp-json\/wp\/v2\/users\/1"}],"replies":[{"embeddable":true,"href":"http:\/\/elurbanoweb.com.ar\/diario\/wp-json\/wp\/v2\/comments?post=69532"}],"version-history":[{"count":1,"href":"http:\/\/elurbanoweb.com.ar\/diario\/wp-json\/wp\/v2\/posts\/69532\/revisions"}],"predecessor-version":[{"id":69534,"href":"http:\/\/elurbanoweb.com.ar\/diario\/wp-json\/wp\/v2\/posts\/69532\/revisions\/69534"}],"wp:featuredmedia":[{"embeddable":true,"href":"http:\/\/elurbanoweb.com.ar\/diario\/wp-json\/wp\/v2\/media\/69533"}],"wp:attachment":[{"href":"http:\/\/elurbanoweb.com.ar\/diario\/wp-json\/wp\/v2\/media?parent=69532"}],"wp:term":[{"taxonomy":"category","embeddable":true,"href":"http:\/\/elurbanoweb.com.ar\/diario\/wp-json\/wp\/v2\/categories?post=69532"},{"taxonomy":"post_tag","embeddable":true,"href":"http:\/\/elurbanoweb.com.ar\/diario\/wp-json\/wp\/v2\/tags?post=69532"}],"curies":[{"name":"wp","href":"https:\/\/api.w.org\/{rel}","templated":true}]}}