{"id":69535,"date":"2026-04-30T09:44:56","date_gmt":"2026-04-30T12:44:56","guid":{"rendered":"https:\/\/elurbanoweb.com.ar\/diario\/?p=69535"},"modified":"2026-04-30T09:44:56","modified_gmt":"2026-04-30T12:44:56","slug":"invitan-a-participar-de-princesas-en-relax-una-tarde-especial-de-spa-y-conexion","status":"publish","type":"post","link":"http:\/\/elurbanoweb.com.ar\/diario\/invitan-a-participar-de-princesas-en-relax-una-tarde-especial-de-spa-y-conexion\/","title":{"rendered":"Invitan a participar de \u201cPrincesas en relax\u201d, una tarde especial de spa y conexi\u00f3n"},"content":{"rendered":"<p>La Municipalidad de La Banda invita a la comunidad a participar de la propuesta \u201cPrincesas en Relax\u201d, una actividad pensada para compartir un momento \u00fanico de relajaci\u00f3n, risas y conexi\u00f3n emocional.<\/p>\n<p><img loading=\"lazy\" decoding=\"async\" class=\"alignnone wp-image-69536 size-full\" src=\"http:\/\/elurbanoweb.com.ar\/diario\/wp-content\/uploads\/2026\/04\/relax.jpg\" alt=\"\" width=\"1010\" height=\"567\" srcset=\"http:\/\/elurbanoweb.com.ar\/diario\/wp-content\/uploads\/2026\/04\/relax.jpg 1010w, http:\/\/elurbanoweb.com.ar\/diario\/wp-content\/uploads\/2026\/04\/relax-300x168.jpg 300w, http:\/\/elurbanoweb.com.ar\/diario\/wp-content\/uploads\/2026\/04\/relax-150x84.jpg 150w\" sizes=\"auto, (max-width: 1010px) 100vw, 1010px\" \/><\/p>\n<p><!--more--><\/p>\n<p>La jornada se llevar\u00e1 a cabo el s\u00e1bado 9 de mayo a las 17:00 horas en la Casa del Bicentenario, y est\u00e1 destinada a quienes deseen disfrutar de una experiencia diferente junto a una persona especial.<\/p>\n<p>La actividad es arancelada y cuenta con cupos limitados, por lo que se recomienda realizar la inscripci\u00f3n con anticipaci\u00f3n.<\/p>\n<p>Para m\u00e1s informaci\u00f3n e inscripciones, los interesados pueden comunicarse al 3856225258.<\/p>\n<p>De esta manera, se contin\u00faa promoviendo espacios recreativos que fortalecen los v\u00ednculos y el bienestar emocional en la comunidad.<\/p>\n","protected":false},"excerpt":{"rendered":"<p>La Municipalidad de La Banda invita a la comunidad a participar de la propuesta \u201cPrincesas en Relax\u201d, una actividad pensada para compartir un momento \u00fanico de relajaci\u00f3n, risas y conexi\u00f3n&hellip; <\/p>\n","protected":false},"author":1,"featured_media":69536,"comment_status":"closed","ping_status":"closed","sticky":false,"template":"","format":"standard","meta":{"footnotes":""},"categories":[9],"tags":[],"class_list":["post-69535","post","type-post","status-publish","format-standard","has-post-thumbnail","hentry","category-la-banda"],"_links":{"self":[{"href":"http:\/\/elurbanoweb.com.ar\/diario\/wp-json\/wp\/v2\/posts\/69535","targetHints":{"allow":["GET"]}}],"collection":[{"href":"http:\/\/elurbanoweb.com.ar\/diario\/wp-json\/wp\/v2\/posts"}],"about":[{"href":"http:\/\/elurbanoweb.com.ar\/diario\/wp-json\/wp\/v2\/types\/post"}],"author":[{"embeddable":true,"href":"http:\/\/elurbanoweb.com.ar\/diario\/wp-json\/wp\/v2\/users\/1"}],"replies":[{"embeddable":true,"href":"http:\/\/elurbanoweb.com.ar\/diario\/wp-json\/wp\/v2\/comments?post=69535"}],"version-history":[{"count":1,"href":"http:\/\/elurbanoweb.com.ar\/diario\/wp-json\/wp\/v2\/posts\/69535\/revisions"}],"predecessor-version":[{"id":69537,"href":"http:\/\/elurbanoweb.com.ar\/diario\/wp-json\/wp\/v2\/posts\/69535\/revisions\/69537"}],"wp:featuredmedia":[{"embeddable":true,"href":"http:\/\/elurbanoweb.com.ar\/diario\/wp-json\/wp\/v2\/media\/69536"}],"wp:attachment":[{"href":"http:\/\/elurbanoweb.com.ar\/diario\/wp-json\/wp\/v2\/media?parent=69535"}],"wp:term":[{"taxonomy":"category","embeddable":true,"href":"http:\/\/elurbanoweb.com.ar\/diario\/wp-json\/wp\/v2\/categories?post=69535"},{"taxonomy":"post_tag","embeddable":true,"href":"http:\/\/elurbanoweb.com.ar\/diario\/wp-json\/wp\/v2\/tags?post=69535"}],"curies":[{"name":"wp","href":"https:\/\/api.w.org\/{rel}","templated":true}]}}