{"id":69538,"date":"2026-04-30T09:47:29","date_gmt":"2026-04-30T12:47:29","guid":{"rendered":"https:\/\/elurbanoweb.com.ar\/diario\/?p=69538"},"modified":"2026-04-30T09:47:29","modified_gmt":"2026-04-30T12:47:29","slug":"monte-quemado-felipe-cisneros-anuncio-el-pago-del-bono-de-600-000","status":"publish","type":"post","link":"http:\/\/elurbanoweb.com.ar\/diario\/monte-quemado-felipe-cisneros-anuncio-el-pago-del-bono-de-600-000\/","title":{"rendered":"Monte Quemado: Felipe Cisneros anunci\u00f3 el pago del bono de $600.000"},"content":{"rendered":"<p>El intendente de Monte Quemado, Ing. Felipe Cisneros, anunci\u00f3 que abonar\u00e1 el bono extraordinario de $600.000 por el D\u00eda del Trabajador al personal municipal de Planta Permanente, en adhesi\u00f3n a las medidas dispuestas por el gobernador El\u00edas Su\u00e1rez.<\/p>\n<p><img loading=\"lazy\" decoding=\"async\" class=\"alignnone wp-image-69539 size-large\" src=\"http:\/\/elurbanoweb.com.ar\/diario\/wp-content\/uploads\/2026\/04\/felipe-1024x1007.jpeg\" alt=\"\" width=\"1024\" height=\"1007\" srcset=\"http:\/\/elurbanoweb.com.ar\/diario\/wp-content\/uploads\/2026\/04\/felipe-1024x1007.jpeg 1024w, http:\/\/elurbanoweb.com.ar\/diario\/wp-content\/uploads\/2026\/04\/felipe-300x295.jpeg 300w, http:\/\/elurbanoweb.com.ar\/diario\/wp-content\/uploads\/2026\/04\/felipe-150x148.jpeg 150w, http:\/\/elurbanoweb.com.ar\/diario\/wp-content\/uploads\/2026\/04\/felipe.jpeg 1280w\" sizes=\"auto, (max-width: 1024px) 100vw, 1024px\" \/><\/p>\n<p><!--more--><\/p>\n<p>El jefe comunal destac\u00f3 que esta decisi\u00f3n se sostiene en el equilibrio financiero y en una administraci\u00f3n responsable de los recursos, permitiendo acompa\u00f1ar a los trabajadores en una fecha tan importante como el D\u00eda del Trabajador. \u201cSabemos del esfuerzo y el compromiso diario de cada empleado municipal. Por eso, desde nuestra gesti\u00f3n redoblamos el esfuerzo para estar presentes y reconocer su labor, garantizando este beneficio que representa un alivio y un respaldo concreto para sus familias\u201d, expres\u00f3 Cisneros.<\/p>\n<p>Asimismo, remarc\u00f3 que el municipio continuar\u00e1 trabajando con responsabilidad y planificaci\u00f3n, priorizando pol\u00edticas que fortalezcan el bienestar de los trabajadores y acompa\u00f1en el crecimiento de la comunidad.<\/p>\n","protected":false},"excerpt":{"rendered":"<p>El intendente de Monte Quemado, Ing. Felipe Cisneros, anunci\u00f3 que abonar\u00e1 el bono extraordinario de $600.000 por el D\u00eda del Trabajador al personal municipal de Planta Permanente, en adhesi\u00f3n a&hellip; <\/p>\n","protected":false},"author":1,"featured_media":69540,"comment_status":"closed","ping_status":"closed","sticky":false,"template":"","format":"standard","meta":{"footnotes":""},"categories":[10],"tags":[],"class_list":["post-69538","post","type-post","status-publish","format-standard","has-post-thumbnail","hentry","category-interior"],"_links":{"self":[{"href":"http:\/\/elurbanoweb.com.ar\/diario\/wp-json\/wp\/v2\/posts\/69538","targetHints":{"allow":["GET"]}}],"collection":[{"href":"http:\/\/elurbanoweb.com.ar\/diario\/wp-json\/wp\/v2\/posts"}],"about":[{"href":"http:\/\/elurbanoweb.com.ar\/diario\/wp-json\/wp\/v2\/types\/post"}],"author":[{"embeddable":true,"href":"http:\/\/elurbanoweb.com.ar\/diario\/wp-json\/wp\/v2\/users\/1"}],"replies":[{"embeddable":true,"href":"http:\/\/elurbanoweb.com.ar\/diario\/wp-json\/wp\/v2\/comments?post=69538"}],"version-history":[{"count":1,"href":"http:\/\/elurbanoweb.com.ar\/diario\/wp-json\/wp\/v2\/posts\/69538\/revisions"}],"predecessor-version":[{"id":69541,"href":"http:\/\/elurbanoweb.com.ar\/diario\/wp-json\/wp\/v2\/posts\/69538\/revisions\/69541"}],"wp:featuredmedia":[{"embeddable":true,"href":"http:\/\/elurbanoweb.com.ar\/diario\/wp-json\/wp\/v2\/media\/69540"}],"wp:attachment":[{"href":"http:\/\/elurbanoweb.com.ar\/diario\/wp-json\/wp\/v2\/media?parent=69538"}],"wp:term":[{"taxonomy":"category","embeddable":true,"href":"http:\/\/elurbanoweb.com.ar\/diario\/wp-json\/wp\/v2\/categories?post=69538"},{"taxonomy":"post_tag","embeddable":true,"href":"http:\/\/elurbanoweb.com.ar\/diario\/wp-json\/wp\/v2\/tags?post=69538"}],"curies":[{"name":"wp","href":"https:\/\/api.w.org\/{rel}","templated":true}]}}