{"id":69542,"date":"2026-04-30T09:49:17","date_gmt":"2026-04-30T12:49:17","guid":{"rendered":"https:\/\/elurbanoweb.com.ar\/diario\/?p=69542"},"modified":"2026-04-30T09:49:17","modified_gmt":"2026-04-30T12:49:17","slug":"la-municipalidad-reforzara-la-recoleccion-de-residuos-el-jueves-30-con-motivo-del-feriado-del-dia-del-trabajador","status":"publish","type":"post","link":"http:\/\/elurbanoweb.com.ar\/diario\/la-municipalidad-reforzara-la-recoleccion-de-residuos-el-jueves-30-con-motivo-del-feriado-del-dia-del-trabajador\/","title":{"rendered":"La Municipalidad reforzar\u00e1 la recolecci\u00f3n de residuos el jueves 30 con motivo del feriado del D\u00eda del Trabajador"},"content":{"rendered":"<p>La Direcci\u00f3n de Servicios Urbanos de la Municipalidad de la Capital inform\u00f3 que, con motivo del feriado del D\u00eda del Trabajador la recolecci\u00f3n de residuos correspondiente a ese d\u00eda se realizar\u00e1 el jueves 30 y se reforzar\u00e1 el s\u00e1bado 2 de mayo.<\/p>\n<p><img loading=\"lazy\" decoding=\"async\" class=\"alignnone wp-image-69543 size-large\" src=\"http:\/\/elurbanoweb.com.ar\/diario\/wp-content\/uploads\/2026\/04\/refuerzo1-1024x683.jpg\" alt=\"\" width=\"1024\" height=\"683\" srcset=\"http:\/\/elurbanoweb.com.ar\/diario\/wp-content\/uploads\/2026\/04\/refuerzo1-1024x683.jpg 1024w, http:\/\/elurbanoweb.com.ar\/diario\/wp-content\/uploads\/2026\/04\/refuerzo1-300x200.jpg 300w, http:\/\/elurbanoweb.com.ar\/diario\/wp-content\/uploads\/2026\/04\/refuerzo1-150x100.jpg 150w, http:\/\/elurbanoweb.com.ar\/diario\/wp-content\/uploads\/2026\/04\/refuerzo1.jpg 1308w\" sizes=\"auto, (max-width: 1024px) 100vw, 1024px\" \/><\/p>\n<p><!--more--> La tarea del personal municipal se realizar\u00e1 en los horarios y recorridos habituales para todos los barrios de la ciudad.<\/p>\n<p>La repartici\u00f3n record\u00f3 tambi\u00e9n a los vecinos sacar los residuos domiciliarios debidamente embolsados en los minutos previos al paso del cami\u00f3n recolector.<\/p>\n","protected":false},"excerpt":{"rendered":"<p>La Direcci\u00f3n de Servicios Urbanos de la Municipalidad de la Capital inform\u00f3 que, con motivo del feriado del D\u00eda del Trabajador la recolecci\u00f3n de residuos correspondiente a ese d\u00eda se&hellip; <\/p>\n","protected":false},"author":1,"featured_media":69543,"comment_status":"closed","ping_status":"closed","sticky":false,"template":"","format":"standard","meta":{"footnotes":""},"categories":[3],"tags":[],"class_list":["post-69542","post","type-post","status-publish","format-standard","has-post-thumbnail","hentry","category-municipio"],"_links":{"self":[{"href":"http:\/\/elurbanoweb.com.ar\/diario\/wp-json\/wp\/v2\/posts\/69542","targetHints":{"allow":["GET"]}}],"collection":[{"href":"http:\/\/elurbanoweb.com.ar\/diario\/wp-json\/wp\/v2\/posts"}],"about":[{"href":"http:\/\/elurbanoweb.com.ar\/diario\/wp-json\/wp\/v2\/types\/post"}],"author":[{"embeddable":true,"href":"http:\/\/elurbanoweb.com.ar\/diario\/wp-json\/wp\/v2\/users\/1"}],"replies":[{"embeddable":true,"href":"http:\/\/elurbanoweb.com.ar\/diario\/wp-json\/wp\/v2\/comments?post=69542"}],"version-history":[{"count":1,"href":"http:\/\/elurbanoweb.com.ar\/diario\/wp-json\/wp\/v2\/posts\/69542\/revisions"}],"predecessor-version":[{"id":69544,"href":"http:\/\/elurbanoweb.com.ar\/diario\/wp-json\/wp\/v2\/posts\/69542\/revisions\/69544"}],"wp:featuredmedia":[{"embeddable":true,"href":"http:\/\/elurbanoweb.com.ar\/diario\/wp-json\/wp\/v2\/media\/69543"}],"wp:attachment":[{"href":"http:\/\/elurbanoweb.com.ar\/diario\/wp-json\/wp\/v2\/media?parent=69542"}],"wp:term":[{"taxonomy":"category","embeddable":true,"href":"http:\/\/elurbanoweb.com.ar\/diario\/wp-json\/wp\/v2\/categories?post=69542"},{"taxonomy":"post_tag","embeddable":true,"href":"http:\/\/elurbanoweb.com.ar\/diario\/wp-json\/wp\/v2\/tags?post=69542"}],"curies":[{"name":"wp","href":"https:\/\/api.w.org\/{rel}","templated":true}]}}