{"id":69545,"date":"2026-04-30T09:51:04","date_gmt":"2026-04-30T12:51:04","guid":{"rendered":"https:\/\/elurbanoweb.com.ar\/diario\/?p=69545"},"modified":"2026-04-30T09:51:04","modified_gmt":"2026-04-30T12:51:04","slug":"villa-atamisqui-anuncio-un-bono-de-600-000-por-el-dia-del-trabajador","status":"publish","type":"post","link":"http:\/\/elurbanoweb.com.ar\/diario\/villa-atamisqui-anuncio-un-bono-de-600-000-por-el-dia-del-trabajador\/","title":{"rendered":"Villa Atamisqui anunci\u00f3 un bono de $600.000 por el D\u00eda del Trabajador"},"content":{"rendered":"<p>El intendente de Villa Atamisqui, Ing. V\u00edctor Rosales, anunci\u00f3 el pago de un bono extraordinario de $600.000 por el D\u00eda del Trabajador, destinado a los empleados de planta permanente del municipio, en adhesi\u00f3n a la medida adoptada por el Gobierno de la Provincia.<\/p>\n<p><img loading=\"lazy\" decoding=\"async\" class=\"alignnone wp-image-69546 size-full\" src=\"http:\/\/elurbanoweb.com.ar\/diario\/wp-content\/uploads\/2026\/04\/victor0.jpeg\" alt=\"\" width=\"1000\" height=\"600\" srcset=\"http:\/\/elurbanoweb.com.ar\/diario\/wp-content\/uploads\/2026\/04\/victor0.jpeg 1000w, http:\/\/elurbanoweb.com.ar\/diario\/wp-content\/uploads\/2026\/04\/victor0-300x180.jpeg 300w, http:\/\/elurbanoweb.com.ar\/diario\/wp-content\/uploads\/2026\/04\/victor0-150x90.jpeg 150w\" sizes=\"auto, (max-width: 1000px) 100vw, 1000px\" \/><\/p>\n<p><!--more--><\/p>\n<p>Seg\u00fan inform\u00f3 el jefe comunal, el monto estar\u00e1 depositado y disponible a partir de la primera hora del jueves 30, garantizando que los trabajadores puedan acceder al beneficio en tiempo y forma.<\/p>\n<p>Rosales destac\u00f3 que esta decisi\u00f3n es posible gracias al equilibrio financiero del municipio y a una administraci\u00f3n responsable de los recursos. En ese sentido, remarc\u00f3 que el objetivo principal es reconocer el esfuerzo y compromiso diario de los empleados, adem\u00e1s de brindar un alivio econ\u00f3mico para sus familias en el actual contexto.<\/p>\n<p>Finalmente, el intendente asegur\u00f3 que desde la gesti\u00f3n municipal se continuar\u00e1 trabajando en la implementaci\u00f3n de pol\u00edticas que fortalezcan el bienestar de los trabajadores y acompa\u00f1en el crecimiento de toda la comunidad.<\/p>\n","protected":false},"excerpt":{"rendered":"<p>El intendente de Villa Atamisqui, Ing. V\u00edctor Rosales, anunci\u00f3 el pago de un bono extraordinario de $600.000 por el D\u00eda del Trabajador, destinado a los empleados de planta permanente del&hellip; <\/p>\n","protected":false},"author":1,"featured_media":69546,"comment_status":"closed","ping_status":"closed","sticky":false,"template":"","format":"standard","meta":{"footnotes":""},"categories":[10],"tags":[],"class_list":["post-69545","post","type-post","status-publish","format-standard","has-post-thumbnail","hentry","category-interior"],"_links":{"self":[{"href":"http:\/\/elurbanoweb.com.ar\/diario\/wp-json\/wp\/v2\/posts\/69545","targetHints":{"allow":["GET"]}}],"collection":[{"href":"http:\/\/elurbanoweb.com.ar\/diario\/wp-json\/wp\/v2\/posts"}],"about":[{"href":"http:\/\/elurbanoweb.com.ar\/diario\/wp-json\/wp\/v2\/types\/post"}],"author":[{"embeddable":true,"href":"http:\/\/elurbanoweb.com.ar\/diario\/wp-json\/wp\/v2\/users\/1"}],"replies":[{"embeddable":true,"href":"http:\/\/elurbanoweb.com.ar\/diario\/wp-json\/wp\/v2\/comments?post=69545"}],"version-history":[{"count":1,"href":"http:\/\/elurbanoweb.com.ar\/diario\/wp-json\/wp\/v2\/posts\/69545\/revisions"}],"predecessor-version":[{"id":69547,"href":"http:\/\/elurbanoweb.com.ar\/diario\/wp-json\/wp\/v2\/posts\/69545\/revisions\/69547"}],"wp:featuredmedia":[{"embeddable":true,"href":"http:\/\/elurbanoweb.com.ar\/diario\/wp-json\/wp\/v2\/media\/69546"}],"wp:attachment":[{"href":"http:\/\/elurbanoweb.com.ar\/diario\/wp-json\/wp\/v2\/media?parent=69545"}],"wp:term":[{"taxonomy":"category","embeddable":true,"href":"http:\/\/elurbanoweb.com.ar\/diario\/wp-json\/wp\/v2\/categories?post=69545"},{"taxonomy":"post_tag","embeddable":true,"href":"http:\/\/elurbanoweb.com.ar\/diario\/wp-json\/wp\/v2\/tags?post=69545"}],"curies":[{"name":"wp","href":"https:\/\/api.w.org\/{rel}","templated":true}]}}