{"id":69548,"date":"2026-04-30T09:53:08","date_gmt":"2026-04-30T12:53:08","guid":{"rendered":"https:\/\/elurbanoweb.com.ar\/diario\/?p=69548"},"modified":"2026-04-30T09:53:08","modified_gmt":"2026-04-30T12:53:08","slug":"la-intendente-fuentes-entrego-al-personal-de-parques-y-paseos-cerca-de-500-uniformes-de-trabajo","status":"publish","type":"post","link":"http:\/\/elurbanoweb.com.ar\/diario\/la-intendente-fuentes-entrego-al-personal-de-parques-y-paseos-cerca-de-500-uniformes-de-trabajo\/","title":{"rendered":"La intendente Fuentes entreg\u00f3 al personal de Parques y Paseos cerca de 500 uniformes de trabajo"},"content":{"rendered":"<p>La intendente, Ing. Norma Fuentes, entreg\u00f3 nuevos uniformes a los empleados de la Direcci\u00f3n de Parques y Paseos, con el prop\u00f3sito de brindarles indumentaria c\u00f3moda, segura y adecuada para las tareas que desarrollan diariamente en el mantenimiento y cuidado de los espacios verdes.<\/p>\n<p><img loading=\"lazy\" decoding=\"async\" class=\"alignnone wp-image-69549 size-large\" src=\"http:\/\/elurbanoweb.com.ar\/diario\/wp-content\/uploads\/2026\/04\/paseos-1024x678.jpg\" alt=\"\" width=\"1024\" height=\"678\" srcset=\"http:\/\/elurbanoweb.com.ar\/diario\/wp-content\/uploads\/2026\/04\/paseos-1024x678.jpg 1024w, http:\/\/elurbanoweb.com.ar\/diario\/wp-content\/uploads\/2026\/04\/paseos-300x199.jpg 300w, http:\/\/elurbanoweb.com.ar\/diario\/wp-content\/uploads\/2026\/04\/paseos-150x99.jpg 150w, http:\/\/elurbanoweb.com.ar\/diario\/wp-content\/uploads\/2026\/04\/paseos-1536x1018.jpg 1536w, http:\/\/elurbanoweb.com.ar\/diario\/wp-content\/uploads\/2026\/04\/paseos.jpg 1600w\" sizes=\"auto, (max-width: 1024px) 100vw, 1024px\" \/><\/p>\n<p><!--more--> Se otorgaron a casi 500 trabajadores equipos compuestos por camisas y pantalones de grafa color verde con cintas reflectantes, botines de cuero y gorras lo que facilitar\u00e1 su labor para garantizar espacios m\u00e1s limpios y disfrutables para todos los vecinos.<\/p>\n<p>La jefa comunal estuvo acompa\u00f1ada por los secretarios de Coordinaci\u00f3n de Gabinete, Mario Benavente; de Planeamiento, Obras y Servicios P\u00fablicos, Rosa Allalla; de Econom\u00eda, Anabel Arce y de Gobierno, Walter Medina Salom\u00f3n.<\/p>\n<p>\u00abGracias al compromiso de nuestro personal, pudimos cumplir a\u00f1o tras a\u00f1o con la ordenanza que establece la plantaci\u00f3n de 60 mil \u00e1rboles anuales, previendo alcanzar, a fines de este a\u00f1o, los 500 mil ejemplares colocados desde el inicio de la gesti\u00f3n\u00bb, indic\u00f3 la jefa comunal.<\/p>\n<p>\u00abTrabajamos por una ciudad m\u00e1s verde, un objetivo anhelado por toda la comunidad y, gracias al esfuerzo de los empleados municipales y la colaboraci\u00f3n de asociaciones civiles y ambientalistas, pudimos concretarlo con creces\u00bb, afirm\u00f3.<\/p>\n<p>La Ing. Fuentes destac\u00f3 \u00abla creaci\u00f3n de m\u00e1s de 70 hect\u00e1reas de espacios verdes a lo largo de esta gesti\u00f3n y la puesta en condiciones de numerosos parques, plazas y paseos, buscando que las familias santiague\u00f1as cuenten con espacios adecuados de reuni\u00f3n y esparcimiento<\/p>\n<p>Por su parte, la directora de Parques y Paseos, Cecilia Saboureth, se\u00f1al\u00f3 que la intendente Fuentes entreg\u00f3 cada a\u00f1o \u00ablos uniformes y las herramientas de trabajo para que los empleados puedan mejorar sus condiciones laborales y permitir brindar un servicio m\u00e1s eficiente a la comunidad\u00bb.<\/p>\n","protected":false},"excerpt":{"rendered":"<p>La intendente, Ing. Norma Fuentes, entreg\u00f3 nuevos uniformes a los empleados de la Direcci\u00f3n de Parques y Paseos, con el prop\u00f3sito de brindarles indumentaria c\u00f3moda, segura y adecuada para las&hellip; <\/p>\n","protected":false},"author":1,"featured_media":69549,"comment_status":"closed","ping_status":"closed","sticky":false,"template":"","format":"standard","meta":{"footnotes":""},"categories":[3],"tags":[],"class_list":["post-69548","post","type-post","status-publish","format-standard","has-post-thumbnail","hentry","category-municipio"],"_links":{"self":[{"href":"http:\/\/elurbanoweb.com.ar\/diario\/wp-json\/wp\/v2\/posts\/69548","targetHints":{"allow":["GET"]}}],"collection":[{"href":"http:\/\/elurbanoweb.com.ar\/diario\/wp-json\/wp\/v2\/posts"}],"about":[{"href":"http:\/\/elurbanoweb.com.ar\/diario\/wp-json\/wp\/v2\/types\/post"}],"author":[{"embeddable":true,"href":"http:\/\/elurbanoweb.com.ar\/diario\/wp-json\/wp\/v2\/users\/1"}],"replies":[{"embeddable":true,"href":"http:\/\/elurbanoweb.com.ar\/diario\/wp-json\/wp\/v2\/comments?post=69548"}],"version-history":[{"count":1,"href":"http:\/\/elurbanoweb.com.ar\/diario\/wp-json\/wp\/v2\/posts\/69548\/revisions"}],"predecessor-version":[{"id":69550,"href":"http:\/\/elurbanoweb.com.ar\/diario\/wp-json\/wp\/v2\/posts\/69548\/revisions\/69550"}],"wp:featuredmedia":[{"embeddable":true,"href":"http:\/\/elurbanoweb.com.ar\/diario\/wp-json\/wp\/v2\/media\/69549"}],"wp:attachment":[{"href":"http:\/\/elurbanoweb.com.ar\/diario\/wp-json\/wp\/v2\/media?parent=69548"}],"wp:term":[{"taxonomy":"category","embeddable":true,"href":"http:\/\/elurbanoweb.com.ar\/diario\/wp-json\/wp\/v2\/categories?post=69548"},{"taxonomy":"post_tag","embeddable":true,"href":"http:\/\/elurbanoweb.com.ar\/diario\/wp-json\/wp\/v2\/tags?post=69548"}],"curies":[{"name":"wp","href":"https:\/\/api.w.org\/{rel}","templated":true}]}}