{"id":69551,"date":"2026-04-30T09:54:53","date_gmt":"2026-04-30T12:54:53","guid":{"rendered":"https:\/\/elurbanoweb.com.ar\/diario\/?p=69551"},"modified":"2026-04-30T09:54:53","modified_gmt":"2026-04-30T12:54:53","slug":"humanidades-de-la-unse-firmo-un-convenio-con-el-ministerio-de-salud-para-ampliar-practicas-profesionales","status":"publish","type":"post","link":"http:\/\/elurbanoweb.com.ar\/diario\/humanidades-de-la-unse-firmo-un-convenio-con-el-ministerio-de-salud-para-ampliar-practicas-profesionales\/","title":{"rendered":"Humanidades de la UNSE firm\u00f3 un convenio con el Ministerio de Salud para ampliar pr\u00e1cticas profesionales"},"content":{"rendered":"<p>El acuerdo permitir\u00e1 que alumnos de distintas carreras realicen experiencias supervisadas en hospitales, direcciones y UPAs de la provincia, fortaleciendo la formaci\u00f3n acad\u00e9mica en territorio.<\/p>\n<p><img loading=\"lazy\" decoding=\"async\" class=\"alignnone wp-image-69552 size-full\" src=\"http:\/\/elurbanoweb.com.ar\/diario\/wp-content\/uploads\/2026\/04\/practicas3.jpg\" alt=\"\" width=\"1010\" height=\"567\" srcset=\"http:\/\/elurbanoweb.com.ar\/diario\/wp-content\/uploads\/2026\/04\/practicas3.jpg 1010w, http:\/\/elurbanoweb.com.ar\/diario\/wp-content\/uploads\/2026\/04\/practicas3-300x168.jpg 300w, http:\/\/elurbanoweb.com.ar\/diario\/wp-content\/uploads\/2026\/04\/practicas3-150x84.jpg 150w\" sizes=\"auto, (max-width: 1010px) 100vw, 1010px\" \/><\/p>\n<p><!--more--><\/p>\n<p>La Facultad de Humanidades, Ciencias Sociales y de la Salud de la UNSE concret\u00f3 la firma de un Convenio de Cooperaci\u00f3n con el Ministerio de Salud de Santiago del Estero, con el prop\u00f3sito de generar nuevos espacios de pr\u00e1cticas preprofesionales supervisadas para estudiantes de distintas carreras.<\/p>\n<p>El acuerdo fue rubricado por la ministra de Salud, Natividad Nassif, y la decana de la unidad acad\u00e9mica, Sandra Moreira, en el marco de una pol\u00edtica orientada a fortalecer la formaci\u00f3n universitaria mediante experiencias concretas en \u00e1mbitos laborales reales.<\/p>\n<p>A partir de esta iniciativa, los estudiantes podr\u00e1n desempe\u00f1arse en direcciones, hospitales y Unidades Primarias de Atenci\u00f3n (UPAs) dependientes de la cartera sanitaria provincial, lo que permitir\u00e1 complementar los conocimientos te\u00f3ricos con pr\u00e1cticas en territorio.<\/p>\n<p>Desde la Facultad destacaron que esta articulaci\u00f3n busca consolidar el v\u00ednculo entre la universidad p\u00fablica y el sistema de salud, generando instancias formativas con impacto social y comunitario.<\/p>\n<p>La decana Sandra Elizabeth Moreira remarc\u00f3 la importancia estrat\u00e9gica del convenio y sostuvo que representa una ampliaci\u00f3n de oportunidades para el alumnado, adem\u00e1s de profundizar una l\u00ednea institucional basada en una formaci\u00f3n situada y conectada con las realidades sociales y sanitarias de la provincia.<\/p>\n<p>Asimismo, se\u00f1al\u00f3 que el trabajo conjunto con el Ministerio permitir\u00e1 potenciar el perfil profesional de los futuros egresados, integrando saberes acad\u00e9micos con pr\u00e1cticas concretas y reafirmando el compromiso social de la universidad p\u00fablica.<\/p>\n<p>Tambi\u00e9n subray\u00f3 que estas acciones fortalecen el papel de la Facultad como actor clave en la construcci\u00f3n de pol\u00edticas p\u00fablicas, formando profesionales con sensibilidad social, compromiso \u00e9tico y una mirada territorial.<\/p>\n<p>De la firma participaron adem\u00e1s la vicedecana Carla Ferreyra; el secretario de Extensi\u00f3n, Vinculaci\u00f3n y Transferencia, Ulises Barbieri; docentes de la Licenciatura en Trabajo Social; el subdirector de Salud de la Provincia, Gustavo Sabalza; y miembros del equipo ministerial.<\/p>\n<p>Finalmente, desde Humanidades ratificaron su compromiso con la formaci\u00f3n integral de los estudiantes, la vinculaci\u00f3n con la comunidad y el trabajo articulado con organismos estatales, promoviendo una universidad activa al servicio de la sociedad.<\/p>\n","protected":false},"excerpt":{"rendered":"<p>El acuerdo permitir\u00e1 que alumnos de distintas carreras realicen experiencias supervisadas en hospitales, direcciones y UPAs de la provincia, fortaleciendo la formaci\u00f3n acad\u00e9mica en territorio.<\/p>\n","protected":false},"author":1,"featured_media":69552,"comment_status":"closed","ping_status":"closed","sticky":false,"template":"","format":"standard","meta":{"footnotes":""},"categories":[15],"tags":[],"class_list":["post-69551","post","type-post","status-publish","format-standard","has-post-thumbnail","hentry","category-unse"],"_links":{"self":[{"href":"http:\/\/elurbanoweb.com.ar\/diario\/wp-json\/wp\/v2\/posts\/69551","targetHints":{"allow":["GET"]}}],"collection":[{"href":"http:\/\/elurbanoweb.com.ar\/diario\/wp-json\/wp\/v2\/posts"}],"about":[{"href":"http:\/\/elurbanoweb.com.ar\/diario\/wp-json\/wp\/v2\/types\/post"}],"author":[{"embeddable":true,"href":"http:\/\/elurbanoweb.com.ar\/diario\/wp-json\/wp\/v2\/users\/1"}],"replies":[{"embeddable":true,"href":"http:\/\/elurbanoweb.com.ar\/diario\/wp-json\/wp\/v2\/comments?post=69551"}],"version-history":[{"count":1,"href":"http:\/\/elurbanoweb.com.ar\/diario\/wp-json\/wp\/v2\/posts\/69551\/revisions"}],"predecessor-version":[{"id":69553,"href":"http:\/\/elurbanoweb.com.ar\/diario\/wp-json\/wp\/v2\/posts\/69551\/revisions\/69553"}],"wp:featuredmedia":[{"embeddable":true,"href":"http:\/\/elurbanoweb.com.ar\/diario\/wp-json\/wp\/v2\/media\/69552"}],"wp:attachment":[{"href":"http:\/\/elurbanoweb.com.ar\/diario\/wp-json\/wp\/v2\/media?parent=69551"}],"wp:term":[{"taxonomy":"category","embeddable":true,"href":"http:\/\/elurbanoweb.com.ar\/diario\/wp-json\/wp\/v2\/categories?post=69551"},{"taxonomy":"post_tag","embeddable":true,"href":"http:\/\/elurbanoweb.com.ar\/diario\/wp-json\/wp\/v2\/tags?post=69551"}],"curies":[{"name":"wp","href":"https:\/\/api.w.org\/{rel}","templated":true}]}}