{"id":69554,"date":"2026-04-30T09:56:50","date_gmt":"2026-04-30T12:56:50","guid":{"rendered":"https:\/\/elurbanoweb.com.ar\/diario\/?p=69554"},"modified":"2026-04-30T09:56:50","modified_gmt":"2026-04-30T12:56:50","slug":"la-intendente-fuentes-participo-de-la-bendicion-de-mascotas-en-plaza-libertad","status":"publish","type":"post","link":"http:\/\/elurbanoweb.com.ar\/diario\/la-intendente-fuentes-participo-de-la-bendicion-de-mascotas-en-plaza-libertad\/","title":{"rendered":"La intendente Fuentes particip\u00f3 de la bendici\u00f3n de mascotas en Plaza Libertad"},"content":{"rendered":"<p>La intendente, Ing. Norma Fuentes, particip\u00f3 de la bendici\u00f3n de mascotas que realiz\u00f3 con motivo del d\u00eda del animal, el Obispo Auxiliar de la Di\u00f3cesis de Santiago del Estero, Enrique Mart\u00ednez Ossola en la retreta de plaza Libertad, organizada por el Rinc\u00f3n de las mascotas.<\/p>\n<p><img loading=\"lazy\" decoding=\"async\" class=\"alignnone wp-image-69555 size-large\" src=\"http:\/\/elurbanoweb.com.ar\/diario\/wp-content\/uploads\/2026\/04\/mascotas2-1024x642.jpg\" alt=\"\" width=\"1024\" height=\"642\" srcset=\"http:\/\/elurbanoweb.com.ar\/diario\/wp-content\/uploads\/2026\/04\/mascotas2-1024x642.jpg 1024w, http:\/\/elurbanoweb.com.ar\/diario\/wp-content\/uploads\/2026\/04\/mascotas2-300x188.jpg 300w, http:\/\/elurbanoweb.com.ar\/diario\/wp-content\/uploads\/2026\/04\/mascotas2-150x94.jpg 150w, http:\/\/elurbanoweb.com.ar\/diario\/wp-content\/uploads\/2026\/04\/mascotas2.jpg 1358w\" sizes=\"auto, (max-width: 1024px) 100vw, 1024px\" \/><\/p>\n<p><!--more--> Asisti\u00f3 acompa\u00f1ada por el secretario de Coordinaci\u00f3n de Gabinete, Mario Benavente; el subsecretario de Salud y Desarrollo Social, Mauro Kalinski, y Alejandra P\u00e9rez coordinadora del Programa de Zoonosis y Tenencia Responsable de la Municipalidad de la Capital.<\/p>\n<p>All\u00ed, la jefa comunal celebr\u00f3 el espacio dedicado a las mascotas y destac\u00f3 la labor que viene realizando Adriana Albornoz responsable del Rinc\u00f3n de las Mascotas con la concientizaci\u00f3n del cuidado de las animales.<\/p>\n<p>Asimismo, resalt\u00f3 la tarea que lleva adelante el programa zoonosis de la Municipalidad con la castraci\u00f3n de perros y gatos a lo largo del a\u00f1o y el cual de trabaja de manera coordinada con asociaciones protectoras de la ciudad.<\/p>\n","protected":false},"excerpt":{"rendered":"<p>La intendente, Ing. Norma Fuentes, particip\u00f3 de la bendici\u00f3n de mascotas que realiz\u00f3 con motivo del d\u00eda del animal, el Obispo Auxiliar de la Di\u00f3cesis de Santiago del Estero, Enrique&hellip; <\/p>\n","protected":false},"author":1,"featured_media":69555,"comment_status":"closed","ping_status":"closed","sticky":false,"template":"","format":"standard","meta":{"footnotes":""},"categories":[3],"tags":[],"class_list":["post-69554","post","type-post","status-publish","format-standard","has-post-thumbnail","hentry","category-municipio"],"_links":{"self":[{"href":"http:\/\/elurbanoweb.com.ar\/diario\/wp-json\/wp\/v2\/posts\/69554","targetHints":{"allow":["GET"]}}],"collection":[{"href":"http:\/\/elurbanoweb.com.ar\/diario\/wp-json\/wp\/v2\/posts"}],"about":[{"href":"http:\/\/elurbanoweb.com.ar\/diario\/wp-json\/wp\/v2\/types\/post"}],"author":[{"embeddable":true,"href":"http:\/\/elurbanoweb.com.ar\/diario\/wp-json\/wp\/v2\/users\/1"}],"replies":[{"embeddable":true,"href":"http:\/\/elurbanoweb.com.ar\/diario\/wp-json\/wp\/v2\/comments?post=69554"}],"version-history":[{"count":1,"href":"http:\/\/elurbanoweb.com.ar\/diario\/wp-json\/wp\/v2\/posts\/69554\/revisions"}],"predecessor-version":[{"id":69556,"href":"http:\/\/elurbanoweb.com.ar\/diario\/wp-json\/wp\/v2\/posts\/69554\/revisions\/69556"}],"wp:featuredmedia":[{"embeddable":true,"href":"http:\/\/elurbanoweb.com.ar\/diario\/wp-json\/wp\/v2\/media\/69555"}],"wp:attachment":[{"href":"http:\/\/elurbanoweb.com.ar\/diario\/wp-json\/wp\/v2\/media?parent=69554"}],"wp:term":[{"taxonomy":"category","embeddable":true,"href":"http:\/\/elurbanoweb.com.ar\/diario\/wp-json\/wp\/v2\/categories?post=69554"},{"taxonomy":"post_tag","embeddable":true,"href":"http:\/\/elurbanoweb.com.ar\/diario\/wp-json\/wp\/v2\/tags?post=69554"}],"curies":[{"name":"wp","href":"https:\/\/api.w.org\/{rel}","templated":true}]}}