{"id":69557,"date":"2026-04-30T09:58:46","date_gmt":"2026-04-30T12:58:46","guid":{"rendered":"https:\/\/elurbanoweb.com.ar\/diario\/?p=69557"},"modified":"2026-04-30T09:58:46","modified_gmt":"2026-04-30T12:58:46","slug":"informe-destaca-a-santiago-del-estero-como-una-de-las-provincias-con-mejor-desempeno-fiscal","status":"publish","type":"post","link":"http:\/\/elurbanoweb.com.ar\/diario\/informe-destaca-a-santiago-del-estero-como-una-de-las-provincias-con-mejor-desempeno-fiscal\/","title":{"rendered":"Informe destaca a Santiago del Estero como una de las provincias con mejor desempe\u00f1o fiscal"},"content":{"rendered":"<p>Lo difundi\u00f3 el diario Clarin y posiciona a Santiago del Estero en el primer lugar del ranking de provincias con super\u00e1vit fiscal.<\/p>\n<p><img loading=\"lazy\" decoding=\"async\" class=\"alignnone wp-image-69558 size-full\" src=\"http:\/\/elurbanoweb.com.ar\/diario\/wp-content\/uploads\/2026\/04\/desempeno.jpg\" alt=\"\" width=\"1010\" height=\"567\" srcset=\"http:\/\/elurbanoweb.com.ar\/diario\/wp-content\/uploads\/2026\/04\/desempeno.jpg 1010w, http:\/\/elurbanoweb.com.ar\/diario\/wp-content\/uploads\/2026\/04\/desempeno-300x168.jpg 300w, http:\/\/elurbanoweb.com.ar\/diario\/wp-content\/uploads\/2026\/04\/desempeno-150x84.jpg 150w\" sizes=\"auto, (max-width: 1010px) 100vw, 1010px\" \/><\/p>\n<p><!--more--><\/p>\n<p>Un reciente informe difundido por el diario Clar\u00edn sobre la situaci\u00f3n fiscal de las provincias argentinas advierte que, en un contexto econ\u00f3mico desafiante a nivel nacional, varias jurisdicciones han comenzado a registrar d\u00e9ficit producto de la ca\u00edda de ingresos. Sin embargo, Santiago del Estero se posiciona como una de las provincias con mejor desempe\u00f1o financiero del pa\u00eds.<\/p>\n<p>De acuerdo a los datos analizados, Santiago del Estero encabeza el ranking de provincias con super\u00e1vit fiscal en 2025, alcanzando un 4,6%, ubic\u00e1ndose por encima de distritos como Jujuy (3,1%), San Juan (1,4%) y Formosa (1,2%), entre otras.<\/p>\n<p>Este resultado contrasta con la situaci\u00f3n de otras provincias que presentan d\u00e9ficit fiscal significativo, como Tierra del Fuego (16,4%), Santa Cruz (12,9%), Chubut (8%) y Chaco (7,3%), evidenciando un escenario dispar en las finanzas p\u00fablicas subnacionales.<\/p>\n<p>El informe period\u00edstico se\u00f1ala que la ca\u00edda de ingresos y el actual contexto econ\u00f3mico generan dificultades para sostener el equilibrio fiscal en gran parte del pa\u00eds. En este marco, el desempe\u00f1o de Santiago del Estero refleja una administraci\u00f3n ordenada y sostenible de los recursos p\u00fablicos, permitiendo mantener el equilibrio y generar super\u00e1vit.<\/p>\n<p>Asimismo, otras provincias que lograron resultados positivos, aunque en menor medida, fueron Neuqu\u00e9n (0,9%), Tucum\u00e1n (0,6%) y C\u00f3rdoba (0,5%), mientras que Salta alcanz\u00f3 un equilibrio fiscal (0,0%).<\/p>\n<p>Desde el Gobierno de Santiago del Estero se destaca que estos indicadores son resultado de pol\u00edticas de administraci\u00f3n responsable, planificaci\u00f3n financiera y una fuerte inversi\u00f3n estrat\u00e9gica, que permiten sostener el crecimiento, garantizar servicios esenciales y continuar impulsando el desarrollo provincial.<\/p>\n<p>En un contexto nacional complejo, Santiago del Estero reafirma su compromiso con el equilibrio fiscal, consolid\u00e1ndose como una de las provincias m\u00e1s s\u00f3lidas en materia econ\u00f3mica y financiera.<\/p>\n","protected":false},"excerpt":{"rendered":"<p>Lo difundi\u00f3 el diario Clarin y posiciona a Santiago del Estero en el primer lugar del ranking de provincias con super\u00e1vit fiscal.<\/p>\n","protected":false},"author":1,"featured_media":69558,"comment_status":"closed","ping_status":"closed","sticky":false,"template":"","format":"standard","meta":{"footnotes":""},"categories":[16],"tags":[],"class_list":["post-69557","post","type-post","status-publish","format-standard","has-post-thumbnail","hentry","category-locales"],"_links":{"self":[{"href":"http:\/\/elurbanoweb.com.ar\/diario\/wp-json\/wp\/v2\/posts\/69557","targetHints":{"allow":["GET"]}}],"collection":[{"href":"http:\/\/elurbanoweb.com.ar\/diario\/wp-json\/wp\/v2\/posts"}],"about":[{"href":"http:\/\/elurbanoweb.com.ar\/diario\/wp-json\/wp\/v2\/types\/post"}],"author":[{"embeddable":true,"href":"http:\/\/elurbanoweb.com.ar\/diario\/wp-json\/wp\/v2\/users\/1"}],"replies":[{"embeddable":true,"href":"http:\/\/elurbanoweb.com.ar\/diario\/wp-json\/wp\/v2\/comments?post=69557"}],"version-history":[{"count":1,"href":"http:\/\/elurbanoweb.com.ar\/diario\/wp-json\/wp\/v2\/posts\/69557\/revisions"}],"predecessor-version":[{"id":69559,"href":"http:\/\/elurbanoweb.com.ar\/diario\/wp-json\/wp\/v2\/posts\/69557\/revisions\/69559"}],"wp:featuredmedia":[{"embeddable":true,"href":"http:\/\/elurbanoweb.com.ar\/diario\/wp-json\/wp\/v2\/media\/69558"}],"wp:attachment":[{"href":"http:\/\/elurbanoweb.com.ar\/diario\/wp-json\/wp\/v2\/media?parent=69557"}],"wp:term":[{"taxonomy":"category","embeddable":true,"href":"http:\/\/elurbanoweb.com.ar\/diario\/wp-json\/wp\/v2\/categories?post=69557"},{"taxonomy":"post_tag","embeddable":true,"href":"http:\/\/elurbanoweb.com.ar\/diario\/wp-json\/wp\/v2\/tags?post=69557"}],"curies":[{"name":"wp","href":"https:\/\/api.w.org\/{rel}","templated":true}]}}