{"id":69560,"date":"2026-04-30T10:03:29","date_gmt":"2026-04-30T13:03:29","guid":{"rendered":"https:\/\/elurbanoweb.com.ar\/diario\/?p=69560"},"modified":"2026-04-30T10:03:29","modified_gmt":"2026-04-30T13:03:29","slug":"la-intendente-fuentes-recibio-un-reconocimiento-de-la-asociacion-protectora-de-animales-bichos-por-su-acompanamiento-al-cuidado-animal","status":"publish","type":"post","link":"http:\/\/elurbanoweb.com.ar\/diario\/la-intendente-fuentes-recibio-un-reconocimiento-de-la-asociacion-protectora-de-animales-bichos-por-su-acompanamiento-al-cuidado-animal\/","title":{"rendered":"La intendente Fuentes recibi\u00f3 un reconocimiento de la Asociaci\u00f3n Protectora de Animales \u201cBichos\u201d por su acompa\u00f1amiento al cuidado animal"},"content":{"rendered":"<p>La intendente, Ing. Norma Fuentes, recibi\u00f3 un reconocimiento de la Asociaci\u00f3n Protectora de Animales Bichos durante una jornada destinada a celebrar el d\u00eda del animal en las instalaciones del Parque del Encuentro.<\/p>\n<p><img loading=\"lazy\" decoding=\"async\" class=\"alignnone wp-image-69561 size-large\" src=\"http:\/\/elurbanoweb.com.ar\/diario\/wp-content\/uploads\/2026\/04\/protectora-1024x697.jpg\" alt=\"\" width=\"1024\" height=\"697\" srcset=\"http:\/\/elurbanoweb.com.ar\/diario\/wp-content\/uploads\/2026\/04\/protectora-1024x697.jpg 1024w, http:\/\/elurbanoweb.com.ar\/diario\/wp-content\/uploads\/2026\/04\/protectora-300x204.jpg 300w, http:\/\/elurbanoweb.com.ar\/diario\/wp-content\/uploads\/2026\/04\/protectora-150x102.jpg 150w, http:\/\/elurbanoweb.com.ar\/diario\/wp-content\/uploads\/2026\/04\/protectora.jpg 1347w\" sizes=\"auto, (max-width: 1024px) 100vw, 1024px\" \/><\/p>\n<p><!--more--> La jefa comunal, acompa\u00f1ada por funcionarios del gabinete municipal, diputados provinciales y funcionarios de la provincia recibi\u00f3 la distinci\u00f3n y agradeci\u00f3 el trabajo coordinado que tiene la ONG con la comuna.<\/p>\n<p>\u201cCuando comenzamos la gesti\u00f3n nos encontramos con animales encarcelados y ha sido un desaf\u00edo el trabajo de todo un equipo del gabinete municipal, con muchos inconvenientes y esa acci\u00f3n nos hace pensar en el respeto, de como uno piensa y siente, pero especialmente en el esfuerzo de las asociaciones porque lo que hace el estado es acompa\u00f1ar pero sin la iniciativa de todas las asociaciones, este encuentro nos ser\u00eda posible\u201d, destac\u00f3 la Ing. Fuentes.<\/p>\n<p>Asimismo, consider\u00f3 importante agradecer el acompa\u00f1amiento de la provincia, \u201cuno no hace las cosas solo, uno gestiona y encabeza los proyectos, pero es un equipo de trabajo en la Municipalidad que tiene un enorme compromiso permanente con los animales\u201d.<\/p>\n<p>Resalt\u00f3 que el a\u00f1o pasado la Municipalidad concret\u00f3 m\u00e1s de 4.500 castraciones, que es una herramienta fundamental, para poder tener el control de natalicio y poder tener animales en buenas condiciones.<\/p>\n<p>\u00abSiempre queda trabajo por hacer y debemos pensar que tenemos como sociedad, siempre tenemos la tendencia de buscar las diferencias, porque las coincidencias son las que nos permite sumar, y todos ustedes han estado compartiendo con animales recuperados y eso habla de lo que son como sociedad\u201d, dijo la intendente.<\/p>\n<p>Durante, su participaci\u00f3n, la jefa comunal junto a los funcionarios recorri\u00f3 la feria de artesanos y emprendedores que se sum\u00f3 al evento y tom\u00f3 contacto con los expositores.<br \/>\nAll\u00ed, representantes de la Asociaci\u00f3n de Artesanos y Emprendedores del Sur, Nahuel Palavecino y Eduardo Campo agradecieron a la Ing. Fuentes por impulsar estos espacios que les permiten poner a disposici\u00f3n de los vecinos su trabajo y esfuerzo.<\/p>\n","protected":false},"excerpt":{"rendered":"<p>La intendente, Ing. Norma Fuentes, recibi\u00f3 un reconocimiento de la Asociaci\u00f3n Protectora de Animales Bichos durante una jornada destinada a celebrar el d\u00eda del animal en las instalaciones del Parque&hellip; <\/p>\n","protected":false},"author":1,"featured_media":69561,"comment_status":"closed","ping_status":"closed","sticky":false,"template":"","format":"standard","meta":{"footnotes":""},"categories":[3],"tags":[],"class_list":["post-69560","post","type-post","status-publish","format-standard","has-post-thumbnail","hentry","category-municipio"],"_links":{"self":[{"href":"http:\/\/elurbanoweb.com.ar\/diario\/wp-json\/wp\/v2\/posts\/69560","targetHints":{"allow":["GET"]}}],"collection":[{"href":"http:\/\/elurbanoweb.com.ar\/diario\/wp-json\/wp\/v2\/posts"}],"about":[{"href":"http:\/\/elurbanoweb.com.ar\/diario\/wp-json\/wp\/v2\/types\/post"}],"author":[{"embeddable":true,"href":"http:\/\/elurbanoweb.com.ar\/diario\/wp-json\/wp\/v2\/users\/1"}],"replies":[{"embeddable":true,"href":"http:\/\/elurbanoweb.com.ar\/diario\/wp-json\/wp\/v2\/comments?post=69560"}],"version-history":[{"count":1,"href":"http:\/\/elurbanoweb.com.ar\/diario\/wp-json\/wp\/v2\/posts\/69560\/revisions"}],"predecessor-version":[{"id":69562,"href":"http:\/\/elurbanoweb.com.ar\/diario\/wp-json\/wp\/v2\/posts\/69560\/revisions\/69562"}],"wp:featuredmedia":[{"embeddable":true,"href":"http:\/\/elurbanoweb.com.ar\/diario\/wp-json\/wp\/v2\/media\/69561"}],"wp:attachment":[{"href":"http:\/\/elurbanoweb.com.ar\/diario\/wp-json\/wp\/v2\/media?parent=69560"}],"wp:term":[{"taxonomy":"category","embeddable":true,"href":"http:\/\/elurbanoweb.com.ar\/diario\/wp-json\/wp\/v2\/categories?post=69560"},{"taxonomy":"post_tag","embeddable":true,"href":"http:\/\/elurbanoweb.com.ar\/diario\/wp-json\/wp\/v2\/tags?post=69560"}],"curies":[{"name":"wp","href":"https:\/\/api.w.org\/{rel}","templated":true}]}}