{"id":69563,"date":"2026-04-30T10:04:40","date_gmt":"2026-04-30T13:04:40","guid":{"rendered":"https:\/\/elurbanoweb.com.ar\/diario\/?p=69563"},"modified":"2026-04-30T10:04:40","modified_gmt":"2026-04-30T13:04:40","slug":"santiago-del-estero-presento-su-dia-en-la-50-feria-internacional-del-libro-y-anuncio-la-feria-provincial-del-29-de-septiembre-al-4-de-octubre","status":"publish","type":"post","link":"http:\/\/elurbanoweb.com.ar\/diario\/santiago-del-estero-presento-su-dia-en-la-50-feria-internacional-del-libro-y-anuncio-la-feria-provincial-del-29-de-septiembre-al-4-de-octubre\/","title":{"rendered":"Santiago del Estero present\u00f3 su d\u00eda en la 50\u00b0 Feria Internacional del Libro y anunci\u00f3 la Feria provincial del 29 de septiembre al 4 de octubre"},"content":{"rendered":"<p>En el marco de la 50\u00b0 edici\u00f3n de la Feria Internacional del Libro de Buenos Aires 2026, el Gobierno de Santiago del Estero llev\u00f3 a cabo el acto oficial por el \u201cD\u00eda de Santiago del Estero\u201d en la Sala Jos\u00e9 Hern\u00e1ndez del Predio Ferial La Rural, con una destacada participaci\u00f3n institucional, cultural y diplom\u00e1tica.<\/p>\n<p><img loading=\"lazy\" decoding=\"async\" class=\"alignnone wp-image-69564 size-large\" src=\"http:\/\/elurbanoweb.com.ar\/diario\/wp-content\/uploads\/2026\/04\/feria8-1024x682.jpg\" alt=\"\" width=\"1024\" height=\"682\" srcset=\"http:\/\/elurbanoweb.com.ar\/diario\/wp-content\/uploads\/2026\/04\/feria8-1024x682.jpg 1024w, http:\/\/elurbanoweb.com.ar\/diario\/wp-content\/uploads\/2026\/04\/feria8-300x200.jpg 300w, http:\/\/elurbanoweb.com.ar\/diario\/wp-content\/uploads\/2026\/04\/feria8-150x100.jpg 150w, http:\/\/elurbanoweb.com.ar\/diario\/wp-content\/uploads\/2026\/04\/feria8-1536x1023.jpg 1536w, http:\/\/elurbanoweb.com.ar\/diario\/wp-content\/uploads\/2026\/04\/feria8.jpg 1600w\" sizes=\"auto, (max-width: 1024px) 100vw, 1024px\" \/><\/p>\n<p><!--more--><\/p>\n<p>Adem\u00e1s, con la presencia del gobernador El\u00edas Su\u00e1rez, se concret\u00f3 la firma de una carta de intenci\u00f3n entre el Gobierno de la Provincia y la Fundaci\u00f3n El Libro, representada por su presidente, Christian Rainone, con el objetivo de llevar adelante la organizaci\u00f3n y desarrollo de la Feria del Libro en Santiago del Estero desde el 30 de septiembre al 4 de octubre, consolidando v\u00ednculos institucionales y promoviendo el crecimiento cultural en la regi\u00f3n.<\/p>\n<p>Durante la jornada se realiz\u00f3 la presentaci\u00f3n de la reedici\u00f3n del libro La Brasa, una expresi\u00f3n generacional santiague\u00f1a, de Marta Cartier de Hamann, una obra emblem\u00e1tica que refleja la identidad cultural de la provincia.<\/p>\n<p>En el acto acompa\u00f1aron al gobernador El\u00edas Su\u00e1rez; el jefe de Gabinete, V\u00edctor Araujo; el secretario de la Representaci\u00f3n Oficial y de Relaciones Internacionales, Bernardo Abruzzese; el subsecretario de Cultura, Juan Leguizam\u00f3n; la investigadora santiague\u00f1a del CONICET y la Universidad Nacional de Santiago del Estero, Ana Teresa Mart\u00ednez; y la profesora Marta Hamann, hija de la autora.<\/p>\n<p>Asimismo, participaron autoridades diplom\u00e1ticas internacionales, entre ellos los embajadores de Colombia, Congo, entre otras, junto al ministro consejero de la Embajada de Hait\u00ed, consolidando el car\u00e1cter internacional del evento.<\/p>\n<p>Durante su intervenci\u00f3n, Ana Teresa Mart\u00ednez destac\u00f3 la importancia de profundizar la identidad santiague\u00f1a a trav\u00e9s de la cultura y la investigaci\u00f3n. Por su parte, Marta Hamann expres\u00f3 con emoci\u00f3n el legado cultural de su madre y el valor de esta reedici\u00f3n para las nuevas generaciones.<\/p>\n<p>A su turno, el gobernador El\u00edas Su\u00e1rez agradeci\u00f3 la posibilidad de compartir este espacio y remarc\u00f3:<\/p>\n<p>\u201cEsta reedici\u00f3n del libro marca una vanguardia en la provincia, vinculada a la identidad de Santiago del Estero y del Norte argentino, y pone de manifiesto como valorizar nuestra cultura\u201d.<\/p>\n<p>Asimismo, agreg\u00f3: \u201cEstamos muy orgullosos de poder difundir nuestra cultura en paz\u201d.<\/p>\n<p>En ese marco, el mandatario invit\u00f3 a toda la comunidad a participar de la pr\u00f3xima edici\u00f3n de la Feria del Libro de Santiago del Estero, que se realizar\u00e1 del 29 de septiembre al 4 de octubre, destacando que \u201crepresenta el trabajo de nuestra cultura y el esfuerzo colectivo de toda la provincia\u201d.<\/p>\n<p>Por su parte, el subsecretario de Cultura, Juan Leguizam\u00f3n, agradeci\u00f3 el trabajo conjunto entre la Subsecretar\u00eda de Cultura y la Casa de Santiago del Estero para la organizaci\u00f3n de este importante evento.<\/p>\n<p>Durante el acto, el Gobierno de la Provincia realiz\u00f3 la entrega de un reconocimiento a Marta Hamann por el aporte invaluable de su madre a la cultura santiague\u00f1a. Asimismo, se distingui\u00f3 a Ana Teresa Mart\u00ednez con una obra de arte de la galer\u00eda Cronos.<\/p>\n<p>La actividad cont\u00f3 con un auditorio colmado de santiague\u00f1os residentes en Buenos Aires y culmin\u00f3 con un destacado concierto del reconocido violinista y cantante de folclore N\u00e9stor Garnica, en una noche que combin\u00f3 m\u00fasica, danza y celebraci\u00f3n de la identidad cultural.<\/p>\n","protected":false},"excerpt":{"rendered":"<p>En el marco de la 50\u00b0 edici\u00f3n de la Feria Internacional del Libro de Buenos Aires 2026, el Gobierno de Santiago del Estero llev\u00f3 a cabo el acto oficial por&hellip; <\/p>\n","protected":false},"author":1,"featured_media":69564,"comment_status":"closed","ping_status":"closed","sticky":false,"template":"","format":"standard","meta":{"footnotes":""},"categories":[2],"tags":[],"class_list":["post-69563","post","type-post","status-publish","format-standard","has-post-thumbnail","hentry","category-gobierno"],"_links":{"self":[{"href":"http:\/\/elurbanoweb.com.ar\/diario\/wp-json\/wp\/v2\/posts\/69563","targetHints":{"allow":["GET"]}}],"collection":[{"href":"http:\/\/elurbanoweb.com.ar\/diario\/wp-json\/wp\/v2\/posts"}],"about":[{"href":"http:\/\/elurbanoweb.com.ar\/diario\/wp-json\/wp\/v2\/types\/post"}],"author":[{"embeddable":true,"href":"http:\/\/elurbanoweb.com.ar\/diario\/wp-json\/wp\/v2\/users\/1"}],"replies":[{"embeddable":true,"href":"http:\/\/elurbanoweb.com.ar\/diario\/wp-json\/wp\/v2\/comments?post=69563"}],"version-history":[{"count":1,"href":"http:\/\/elurbanoweb.com.ar\/diario\/wp-json\/wp\/v2\/posts\/69563\/revisions"}],"predecessor-version":[{"id":69565,"href":"http:\/\/elurbanoweb.com.ar\/diario\/wp-json\/wp\/v2\/posts\/69563\/revisions\/69565"}],"wp:featuredmedia":[{"embeddable":true,"href":"http:\/\/elurbanoweb.com.ar\/diario\/wp-json\/wp\/v2\/media\/69564"}],"wp:attachment":[{"href":"http:\/\/elurbanoweb.com.ar\/diario\/wp-json\/wp\/v2\/media?parent=69563"}],"wp:term":[{"taxonomy":"category","embeddable":true,"href":"http:\/\/elurbanoweb.com.ar\/diario\/wp-json\/wp\/v2\/categories?post=69563"},{"taxonomy":"post_tag","embeddable":true,"href":"http:\/\/elurbanoweb.com.ar\/diario\/wp-json\/wp\/v2\/tags?post=69563"}],"curies":[{"name":"wp","href":"https:\/\/api.w.org\/{rel}","templated":true}]}}