{"id":69567,"date":"2026-04-30T14:26:39","date_gmt":"2026-04-30T17:26:39","guid":{"rendered":"https:\/\/elurbanoweb.com.ar\/diario\/?p=69567"},"modified":"2026-04-30T14:26:39","modified_gmt":"2026-04-30T17:26:39","slug":"mas-de-1000-profesionales-eligen-autoridades-del-colegio-de-medicos","status":"publish","type":"post","link":"http:\/\/elurbanoweb.com.ar\/diario\/mas-de-1000-profesionales-eligen-autoridades-del-colegio-de-medicos\/","title":{"rendered":"M\u00e1s de 1000 profesionales eligen autoridades del Colegio de M\u00e9dicos"},"content":{"rendered":"<p>Este jueves 30 de abril, el Colegio de M\u00e9dicos de Santiago del Estero recurre a los comicios para la elegir a las nuevas autoridades.<\/p>\n<p><img loading=\"lazy\" decoding=\"async\" class=\"alignnone wp-image-69568 size-full\" src=\"http:\/\/elurbanoweb.com.ar\/diario\/wp-content\/uploads\/2026\/04\/vota.jpg\" alt=\"\" width=\"417\" height=\"313\" srcset=\"http:\/\/elurbanoweb.com.ar\/diario\/wp-content\/uploads\/2026\/04\/vota.jpg 417w, http:\/\/elurbanoweb.com.ar\/diario\/wp-content\/uploads\/2026\/04\/vota-300x225.jpg 300w, http:\/\/elurbanoweb.com.ar\/diario\/wp-content\/uploads\/2026\/04\/vota-150x113.jpg 150w\" sizes=\"auto, (max-width: 417px) 100vw, 417px\" \/><\/p>\n<p><!--more--><\/p>\n<p>Para estas elecciones se presentaron oficialmente dos listas: Unidad M\u00e9dica y Compromiso M\u00e9dico. Alrededor de 1200 profesionales est\u00e1n habilitados para votar.<\/p>\n<p>Las listas candidatas<\/p>\n<p>Lista Unidad m\u00e9dica; trabajo digno, honestidad y equidad: acompa\u00f1an al Dr. Sebasti\u00e1n Oddo, como candidatos: Sec. Gral. Rodrigo R. S\u00e1nchez Ugalde, Sec. de Obras Sociales M\u00f3nica Castafio, Sec. de Hacienda Ramiro E. \u00danzaga, Sec. de Acci\u00f3n Social y Ayuda Solidaria Oscar F. Medina, Sec. de Cultura y Actas Mar\u00eda de los Milagros San Rom\u00e1n, Sec. de Deportes e Interior Jorge Sebasti\u00e1n Lewis.<\/p>\n<p>Lista Compromiso M\u00e9dico: son candidatos junto al Dr. Carlos Eduardo Fuenzalida; a Secretario General: Dr. Ernesto Federico Canosa; a Secretaria de Obras Sociales: Dra. Karina Afur; a Secretaria de Hacienda: Dra. Silvina de los Milagros Botta Gianotti; Secretaria de Cultura y Actas: Dra. Silvia Mitre Mu\u00f1oz; Secretario de Acci\u00f3n Social y Ayuda Solidaria: Dr. Hugo Pereyra; Secretario del Interior y Deportes: Dr. Oscar Federico Torales.<\/p>\n","protected":false},"excerpt":{"rendered":"<p>Este jueves 30 de abril, el Colegio de M\u00e9dicos de Santiago del Estero recurre a los comicios para la elegir a las nuevas autoridades.<\/p>\n","protected":false},"author":1,"featured_media":69569,"comment_status":"closed","ping_status":"closed","sticky":false,"template":"","format":"standard","meta":{"footnotes":""},"categories":[16],"tags":[],"class_list":["post-69567","post","type-post","status-publish","format-standard","has-post-thumbnail","hentry","category-locales"],"_links":{"self":[{"href":"http:\/\/elurbanoweb.com.ar\/diario\/wp-json\/wp\/v2\/posts\/69567","targetHints":{"allow":["GET"]}}],"collection":[{"href":"http:\/\/elurbanoweb.com.ar\/diario\/wp-json\/wp\/v2\/posts"}],"about":[{"href":"http:\/\/elurbanoweb.com.ar\/diario\/wp-json\/wp\/v2\/types\/post"}],"author":[{"embeddable":true,"href":"http:\/\/elurbanoweb.com.ar\/diario\/wp-json\/wp\/v2\/users\/1"}],"replies":[{"embeddable":true,"href":"http:\/\/elurbanoweb.com.ar\/diario\/wp-json\/wp\/v2\/comments?post=69567"}],"version-history":[{"count":1,"href":"http:\/\/elurbanoweb.com.ar\/diario\/wp-json\/wp\/v2\/posts\/69567\/revisions"}],"predecessor-version":[{"id":69570,"href":"http:\/\/elurbanoweb.com.ar\/diario\/wp-json\/wp\/v2\/posts\/69567\/revisions\/69570"}],"wp:featuredmedia":[{"embeddable":true,"href":"http:\/\/elurbanoweb.com.ar\/diario\/wp-json\/wp\/v2\/media\/69569"}],"wp:attachment":[{"href":"http:\/\/elurbanoweb.com.ar\/diario\/wp-json\/wp\/v2\/media?parent=69567"}],"wp:term":[{"taxonomy":"category","embeddable":true,"href":"http:\/\/elurbanoweb.com.ar\/diario\/wp-json\/wp\/v2\/categories?post=69567"},{"taxonomy":"post_tag","embeddable":true,"href":"http:\/\/elurbanoweb.com.ar\/diario\/wp-json\/wp\/v2\/tags?post=69567"}],"curies":[{"name":"wp","href":"https:\/\/api.w.org\/{rel}","templated":true}]}}