{"id":69571,"date":"2026-04-30T14:30:04","date_gmt":"2026-04-30T17:30:04","guid":{"rendered":"https:\/\/elurbanoweb.com.ar\/diario\/?p=69571"},"modified":"2026-04-30T14:30:04","modified_gmt":"2026-04-30T17:30:04","slug":"en-el-marco-del-dia-del-trabajador-la-unse-recibio-la-visita-de-ninos-y-ninas-del-nivel-inicial-del-colegio-mutualista-shishilo","status":"publish","type":"post","link":"http:\/\/elurbanoweb.com.ar\/diario\/en-el-marco-del-dia-del-trabajador-la-unse-recibio-la-visita-de-ninos-y-ninas-del-nivel-inicial-del-colegio-mutualista-shishilo\/","title":{"rendered":"En el marco del D\u00eda del Trabajador: La UNSE recibi\u00f3 la visita de ni\u00f1os y ni\u00f1as del Nivel Inicial del Colegio Mutualista Shishilo"},"content":{"rendered":"<p>La delegaci\u00f3n fue recibida por el rector, Lic. Marcelino Ledesma y la Vicerrectora, Dra. Fernanda Mellano, en un encuentro que permiti\u00f3 compartir un valioso espacio de acercamiento institucional con quienes hicieron entrega de presentes significativos en conmemoraci\u00f3n de esta fecha tan especial, destacando el valor del trabajo y el compromiso comunitario.<\/p>\n<p><img loading=\"lazy\" decoding=\"async\" class=\"alignnone wp-image-69572 size-large\" src=\"http:\/\/elurbanoweb.com.ar\/diario\/wp-content\/uploads\/2026\/04\/mutualista1-1024x1024.jpg\" alt=\"\" width=\"1024\" height=\"1024\" srcset=\"http:\/\/elurbanoweb.com.ar\/diario\/wp-content\/uploads\/2026\/04\/mutualista1-1024x1024.jpg 1024w, http:\/\/elurbanoweb.com.ar\/diario\/wp-content\/uploads\/2026\/04\/mutualista1-300x300.jpg 300w, http:\/\/elurbanoweb.com.ar\/diario\/wp-content\/uploads\/2026\/04\/mutualista1-150x150.jpg 150w, http:\/\/elurbanoweb.com.ar\/diario\/wp-content\/uploads\/2026\/04\/mutualista1-1536x1536.jpg 1536w, http:\/\/elurbanoweb.com.ar\/diario\/wp-content\/uploads\/2026\/04\/mutualista1.jpg 2033w\" sizes=\"auto, (max-width: 1024px) 100vw, 1024px\" \/><\/p>\n<p><!--more-->Agradecemos la visita y celebramos estos v\u00ednculos que fortalecen la comunidad educativa<\/p>\n<p><img loading=\"lazy\" decoding=\"async\" class=\"alignnone wp-image-69573 size-large\" src=\"http:\/\/elurbanoweb.com.ar\/diario\/wp-content\/uploads\/2026\/04\/mutualista2-1024x1024.jpg\" alt=\"\" width=\"1024\" height=\"1024\" srcset=\"http:\/\/elurbanoweb.com.ar\/diario\/wp-content\/uploads\/2026\/04\/mutualista2-1024x1024.jpg 1024w, http:\/\/elurbanoweb.com.ar\/diario\/wp-content\/uploads\/2026\/04\/mutualista2-300x300.jpg 300w, http:\/\/elurbanoweb.com.ar\/diario\/wp-content\/uploads\/2026\/04\/mutualista2-150x150.jpg 150w, http:\/\/elurbanoweb.com.ar\/diario\/wp-content\/uploads\/2026\/04\/mutualista2-1536x1536.jpg 1536w, http:\/\/elurbanoweb.com.ar\/diario\/wp-content\/uploads\/2026\/04\/mutualista2.jpg 2043w\" sizes=\"auto, (max-width: 1024px) 100vw, 1024px\" \/><\/p>\n","protected":false},"excerpt":{"rendered":"<p>La delegaci\u00f3n fue recibida por el rector, Lic. Marcelino Ledesma y la Vicerrectora, Dra. Fernanda Mellano, en un encuentro que permiti\u00f3 compartir un valioso espacio de acercamiento institucional con quienes&hellip; <\/p>\n","protected":false},"author":1,"featured_media":69572,"comment_status":"closed","ping_status":"closed","sticky":false,"template":"","format":"standard","meta":{"footnotes":""},"categories":[15],"tags":[],"class_list":["post-69571","post","type-post","status-publish","format-standard","has-post-thumbnail","hentry","category-unse"],"_links":{"self":[{"href":"http:\/\/elurbanoweb.com.ar\/diario\/wp-json\/wp\/v2\/posts\/69571","targetHints":{"allow":["GET"]}}],"collection":[{"href":"http:\/\/elurbanoweb.com.ar\/diario\/wp-json\/wp\/v2\/posts"}],"about":[{"href":"http:\/\/elurbanoweb.com.ar\/diario\/wp-json\/wp\/v2\/types\/post"}],"author":[{"embeddable":true,"href":"http:\/\/elurbanoweb.com.ar\/diario\/wp-json\/wp\/v2\/users\/1"}],"replies":[{"embeddable":true,"href":"http:\/\/elurbanoweb.com.ar\/diario\/wp-json\/wp\/v2\/comments?post=69571"}],"version-history":[{"count":1,"href":"http:\/\/elurbanoweb.com.ar\/diario\/wp-json\/wp\/v2\/posts\/69571\/revisions"}],"predecessor-version":[{"id":69574,"href":"http:\/\/elurbanoweb.com.ar\/diario\/wp-json\/wp\/v2\/posts\/69571\/revisions\/69574"}],"wp:featuredmedia":[{"embeddable":true,"href":"http:\/\/elurbanoweb.com.ar\/diario\/wp-json\/wp\/v2\/media\/69572"}],"wp:attachment":[{"href":"http:\/\/elurbanoweb.com.ar\/diario\/wp-json\/wp\/v2\/media?parent=69571"}],"wp:term":[{"taxonomy":"category","embeddable":true,"href":"http:\/\/elurbanoweb.com.ar\/diario\/wp-json\/wp\/v2\/categories?post=69571"},{"taxonomy":"post_tag","embeddable":true,"href":"http:\/\/elurbanoweb.com.ar\/diario\/wp-json\/wp\/v2\/tags?post=69571"}],"curies":[{"name":"wp","href":"https:\/\/api.w.org\/{rel}","templated":true}]}}