{"id":69599,"date":"2026-05-01T10:45:59","date_gmt":"2026-05-01T13:45:59","guid":{"rendered":"https:\/\/elurbanoweb.com.ar\/diario\/?p=69599"},"modified":"2026-05-01T10:45:59","modified_gmt":"2026-05-01T13:45:59","slug":"silva-neder-el-esfuerzo-de-los-trabajadores-santiaguenos-es-el-pilar-fundamental-del-crecimiento-provincial","status":"publish","type":"post","link":"http:\/\/elurbanoweb.com.ar\/diario\/silva-neder-el-esfuerzo-de-los-trabajadores-santiaguenos-es-el-pilar-fundamental-del-crecimiento-provincial\/","title":{"rendered":"Silva Neder: \u201cEl esfuerzo de los trabajadores santiague\u00f1os es el pilar fundamental del crecimiento provincial\u201d"},"content":{"rendered":"<p>En el marco del D\u00eda del Trabajador que se celebra este 1 de mayo, el vicegobernador de la provincia y titular natural del Poder Legislativo, Dr. Carlos Silva Neder, expres\u00f3 un profundo reconocimiento a la labor de los trabajadores santiague\u00f1os, calificando su compromiso como \u00abel motor indispensable para el progreso de nuestra Patria chica\u00bb.<\/p>\n<p><img loading=\"lazy\" decoding=\"async\" class=\"alignnone wp-image-69600 size-full\" src=\"http:\/\/elurbanoweb.com.ar\/diario\/wp-content\/uploads\/2026\/05\/silva5.jpg\" alt=\"\" width=\"1010\" height=\"567\" srcset=\"http:\/\/elurbanoweb.com.ar\/diario\/wp-content\/uploads\/2026\/05\/silva5.jpg 1010w, http:\/\/elurbanoweb.com.ar\/diario\/wp-content\/uploads\/2026\/05\/silva5-300x168.jpg 300w, http:\/\/elurbanoweb.com.ar\/diario\/wp-content\/uploads\/2026\/05\/silva5-150x84.jpg 150w\" sizes=\"auto, (max-width: 1010px) 100vw, 1010px\" \/><\/p>\n<p><!--more--><\/p>\n<p>\u00abEs un acto de estricta justicia reconocer la responsabilidad de cada hombre y mujer que, con su labor diaria, no solo garantiza el sustento y la dignidad de su hogar, sino que tambi\u00e9n contribuye de manera directa al engrandecimiento de Santiago del Estero\u00bb, manifest\u00f3 Silva Neder.<\/p>\n<p>Sector p\u00fablico<br \/>\nEn tal sentido, el Vicegobernador hizo hincapi\u00e9 en la diversidad de sectores que sostienen el funcionamiento del Estado y la comunidad. Destac\u00f3 la abnegaci\u00f3n de los docentes; la vocaci\u00f3n de servicio de los efectivos de la Polic\u00eda de la Provincia y el compromiso inquebrantable de los agentes de salud, m\u00e9dicos y enfermeros, que custodian la vida de cada santiague\u00f1o.<\/p>\n<p>Tambi\u00e9n extendi\u00f3 este \u201creconocimiento a los empleados municipales, viales y administrativos, etc. subrayando que cada uno, desde su puesto operativo o t\u00e9cnico, es una pieza fundamental en el engranaje de una provincia que no detiene su marcha hacia la modernizaci\u00f3n y la justicia social\u201d.<\/p>\n<p>Sector privado<br \/>\nAsimismo, resalt\u00f3 la labor de los trabajadores del sector privado, subrayando que el crecimiento de Santiago del Estero se consolida mediante la sinergia entre lo p\u00fablico y lo privado. Al respecto, valor\u00f3 el esfuerzo de quienes se desempe\u00f1an en el comercio, la industria, la construcci\u00f3n y el campo, se\u00f1alando que cada empleado en estas \u00e1reas es un eslab\u00f3n vital para la reactivaci\u00f3n econ\u00f3mica y la generaci\u00f3n de riqueza genuina.<\/p>\n<p>\u201cSon ellos, junto a los emprendedores y las PyMES, quienes con su labor t\u00e9cnica y operativa fortalecen el mercado interno y proyectan a nuestra provincia como un polo productivo de referencia en la regi\u00f3n\u201d, puntualiz\u00f3, reafirmando el compromiso del Gobierno Provincial de seguir fomentando condiciones que garanticen la seguridad jur\u00eddica y el crecimiento del empleo privado.<\/p>\n<p>Mesa de di\u00e1logo<br \/>\nEn este contexto, destac\u00f3 la vigencia de la Mesa de Di\u00e1logo y Trabajo, una pol\u00edtica de Estado iniciada por Gerardo Zamora, consolidada por Claudia Ledesma de Zamora y ratificada actualmente por la gesti\u00f3n del gobernador El\u00edas Miguel Su\u00e1rez. \u00abEste espacio de consenso con la CGT regional y los diversos gremios ha permitido alcanzar hitos hist\u00f3ricos, como la estabilidad laboral, el fortalecimiento de la carrera administrativa y recomposiciones salariales que protegen el poder adquisitivo de los trabajadores\u00bb, remarc\u00f3.<\/p>\n<p>Finalmente, inst\u00f3 a todos los sectores a \u00abseguir trabajando unidos bajo el objetivo com\u00fan de una provincia inclusiva\u00bb, enviando un saludo fraterno a las familias trabajadoras de cada rinc\u00f3n del territorio santiague\u00f1o.<\/p>\n","protected":false},"excerpt":{"rendered":"<p>En el marco del D\u00eda del Trabajador que se celebra este 1 de mayo, el vicegobernador de la provincia y titular natural del Poder Legislativo, Dr. Carlos Silva Neder, expres\u00f3&hellip; <\/p>\n","protected":false},"author":1,"featured_media":69600,"comment_status":"closed","ping_status":"closed","sticky":false,"template":"","format":"standard","meta":{"footnotes":""},"categories":[16],"tags":[],"class_list":["post-69599","post","type-post","status-publish","format-standard","has-post-thumbnail","hentry","category-locales"],"_links":{"self":[{"href":"http:\/\/elurbanoweb.com.ar\/diario\/wp-json\/wp\/v2\/posts\/69599","targetHints":{"allow":["GET"]}}],"collection":[{"href":"http:\/\/elurbanoweb.com.ar\/diario\/wp-json\/wp\/v2\/posts"}],"about":[{"href":"http:\/\/elurbanoweb.com.ar\/diario\/wp-json\/wp\/v2\/types\/post"}],"author":[{"embeddable":true,"href":"http:\/\/elurbanoweb.com.ar\/diario\/wp-json\/wp\/v2\/users\/1"}],"replies":[{"embeddable":true,"href":"http:\/\/elurbanoweb.com.ar\/diario\/wp-json\/wp\/v2\/comments?post=69599"}],"version-history":[{"count":1,"href":"http:\/\/elurbanoweb.com.ar\/diario\/wp-json\/wp\/v2\/posts\/69599\/revisions"}],"predecessor-version":[{"id":69601,"href":"http:\/\/elurbanoweb.com.ar\/diario\/wp-json\/wp\/v2\/posts\/69599\/revisions\/69601"}],"wp:featuredmedia":[{"embeddable":true,"href":"http:\/\/elurbanoweb.com.ar\/diario\/wp-json\/wp\/v2\/media\/69600"}],"wp:attachment":[{"href":"http:\/\/elurbanoweb.com.ar\/diario\/wp-json\/wp\/v2\/media?parent=69599"}],"wp:term":[{"taxonomy":"category","embeddable":true,"href":"http:\/\/elurbanoweb.com.ar\/diario\/wp-json\/wp\/v2\/categories?post=69599"},{"taxonomy":"post_tag","embeddable":true,"href":"http:\/\/elurbanoweb.com.ar\/diario\/wp-json\/wp\/v2\/tags?post=69599"}],"curies":[{"name":"wp","href":"https:\/\/api.w.org\/{rel}","templated":true}]}}