{"id":69602,"date":"2026-05-01T10:48:25","date_gmt":"2026-05-01T13:48:25","guid":{"rendered":"https:\/\/elurbanoweb.com.ar\/diario\/?p=69602"},"modified":"2026-05-01T10:48:25","modified_gmt":"2026-05-01T13:48:25","slug":"la-unse-convoca-a-toda-la-comunidad-a-su-maraton-aniversario","status":"publish","type":"post","link":"http:\/\/elurbanoweb.com.ar\/diario\/la-unse-convoca-a-toda-la-comunidad-a-su-maraton-aniversario\/","title":{"rendered":"La UNSE convoca a toda la comunidad a su marat\u00f3n aniversario"},"content":{"rendered":"<p>En conferencia de prensa, autoridades de la UNSE anunciaron la realizaci\u00f3n de la Marat\u00f3n 53\u00b0 aniversario, que se realizar\u00e1 el pr\u00f3ximo 10 de mayo, a partir de las 7, en el Polideportivo Universitario, con participaci\u00f3n libre y gratuita para toda la comunidad.<\/p>\n<p><img loading=\"lazy\" decoding=\"async\" class=\"alignnone wp-image-69603 size-large\" src=\"http:\/\/elurbanoweb.com.ar\/diario\/wp-content\/uploads\/2026\/05\/convocatoria6-1024x559.jpeg\" alt=\"\" width=\"1024\" height=\"559\" srcset=\"http:\/\/elurbanoweb.com.ar\/diario\/wp-content\/uploads\/2026\/05\/convocatoria6-1024x559.jpeg 1024w, http:\/\/elurbanoweb.com.ar\/diario\/wp-content\/uploads\/2026\/05\/convocatoria6-300x164.jpeg 300w, http:\/\/elurbanoweb.com.ar\/diario\/wp-content\/uploads\/2026\/05\/convocatoria6-150x82.jpeg 150w, http:\/\/elurbanoweb.com.ar\/diario\/wp-content\/uploads\/2026\/05\/convocatoria6-1536x838.jpeg 1536w, http:\/\/elurbanoweb.com.ar\/diario\/wp-content\/uploads\/2026\/05\/convocatoria6.jpeg 1600w\" sizes=\"auto, (max-width: 1024px) 100vw, 1024px\" \/><\/p>\n<p><!--more--><\/p>\n<p>El rector Marcelino Ledesma y la vicerrectora Fernanda Mellano encabezaron la conferencia acompa\u00f1ados de Decanos\/as, la secretaria de Bienestar Estudiantil Paola Zapella e integrantes del \u00e1rea que tienen a cargo la organizaci\u00f3n del evento deportivo, con la colaboraci\u00f3n de la Subsecretar\u00eda de Deporte y el Gobierno de la Provincia.<\/p>\n<p>La jornada incluir\u00e1 distintas modalidades pensadas para todos los niveles de participaci\u00f3n: una caminata recreativa de 3 kil\u00f3metros, una prueba participativa de 5 kil\u00f3metros y una competencia de 10 kil\u00f3metros. En este sentido, desde la organizaci\u00f3n destacaron que podr\u00e1n inscribirse personas de todas las edades, sin necesidad de experiencia previa en este tipo de eventos.<\/p>\n<p>Link de inscripci\u00f3n: https:\/\/forms.gle\/5fn93xLqBsUr7LWW9<\/p>\n<p>El Rector explic\u00f3 que la Marat\u00f3n forma parte de las celebraciones por un a\u00f1o m\u00e1s de vida institucional de la UNSE, junto a actividades acad\u00e9micas, de extensi\u00f3n e investigaci\u00f3n que se llevar\u00e1n a cabo a lo largo del mes de mayo.<br \/>\n\u201cHace 53 a\u00f1os que venimos trabajando junto a la comunidad santiague\u00f1a no solamente en la formaci\u00f3n de profesionales, sino desde los aportes culturales, tecnol\u00f3gicos, sociales y de investigaci\u00f3n que vamos realizando\u201d, dijo al tiempo que invit\u00f3 a todos a sumarse y acompa\u00f1ar.<\/p>\n<p>La acreditaci\u00f3n se llevar\u00e1 a cabo entre las 7 y las 9 de la ma\u00f1ana en el predio del Polideportivo, mientras que la largada est\u00e1 prevista para las 10. Se estima que la jornada deportiva se extender\u00e1 hasta el mediod\u00eda, momento en el que se realizar\u00e1 la premiaci\u00f3n y distintos sorteos para los participantes.<\/p>\n<p>En cuanto a la competencia, se otorgar\u00e1n premios a los tres primeros puestos de la clasificaci\u00f3n general en las distancias de 5 y 10 kil\u00f3metros, incluyendo incentivos econ\u00f3micos para quienes se destaquen en estas categor\u00edas.<\/p>\n<p>En este nuevo aniversario, la UNSE suma una propuesta deportiva e inclusiva a su agenda de celebraciones, promoviendo el encuentro, la actividad f\u00edsica y la vida universitaria en comunidad.<\/p>\n","protected":false},"excerpt":{"rendered":"<p>En conferencia de prensa, autoridades de la UNSE anunciaron la realizaci\u00f3n de la Marat\u00f3n 53\u00b0 aniversario, que se realizar\u00e1 el pr\u00f3ximo 10 de mayo, a partir de las 7, en&hellip; <\/p>\n","protected":false},"author":1,"featured_media":69603,"comment_status":"closed","ping_status":"closed","sticky":false,"template":"","format":"standard","meta":{"footnotes":""},"categories":[15],"tags":[],"class_list":["post-69602","post","type-post","status-publish","format-standard","has-post-thumbnail","hentry","category-unse"],"_links":{"self":[{"href":"http:\/\/elurbanoweb.com.ar\/diario\/wp-json\/wp\/v2\/posts\/69602","targetHints":{"allow":["GET"]}}],"collection":[{"href":"http:\/\/elurbanoweb.com.ar\/diario\/wp-json\/wp\/v2\/posts"}],"about":[{"href":"http:\/\/elurbanoweb.com.ar\/diario\/wp-json\/wp\/v2\/types\/post"}],"author":[{"embeddable":true,"href":"http:\/\/elurbanoweb.com.ar\/diario\/wp-json\/wp\/v2\/users\/1"}],"replies":[{"embeddable":true,"href":"http:\/\/elurbanoweb.com.ar\/diario\/wp-json\/wp\/v2\/comments?post=69602"}],"version-history":[{"count":1,"href":"http:\/\/elurbanoweb.com.ar\/diario\/wp-json\/wp\/v2\/posts\/69602\/revisions"}],"predecessor-version":[{"id":69604,"href":"http:\/\/elurbanoweb.com.ar\/diario\/wp-json\/wp\/v2\/posts\/69602\/revisions\/69604"}],"wp:featuredmedia":[{"embeddable":true,"href":"http:\/\/elurbanoweb.com.ar\/diario\/wp-json\/wp\/v2\/media\/69603"}],"wp:attachment":[{"href":"http:\/\/elurbanoweb.com.ar\/diario\/wp-json\/wp\/v2\/media?parent=69602"}],"wp:term":[{"taxonomy":"category","embeddable":true,"href":"http:\/\/elurbanoweb.com.ar\/diario\/wp-json\/wp\/v2\/categories?post=69602"},{"taxonomy":"post_tag","embeddable":true,"href":"http:\/\/elurbanoweb.com.ar\/diario\/wp-json\/wp\/v2\/tags?post=69602"}],"curies":[{"name":"wp","href":"https:\/\/api.w.org\/{rel}","templated":true}]}}