{"id":69605,"date":"2026-05-01T10:49:46","date_gmt":"2026-05-01T13:49:46","guid":{"rendered":"https:\/\/elurbanoweb.com.ar\/diario\/?p=69605"},"modified":"2026-05-01T10:49:46","modified_gmt":"2026-05-01T13:49:46","slug":"nueva-convocatoria-para-docentes-santiaguenos-conoce-los-cargos-disponibles","status":"publish","type":"post","link":"http:\/\/elurbanoweb.com.ar\/diario\/nueva-convocatoria-para-docentes-santiaguenos-conoce-los-cargos-disponibles\/","title":{"rendered":"Nueva convocatoria para docentes santiague\u00f1os: conoc\u00e9 los cargos disponibles"},"content":{"rendered":"<p>El Consejo General de Educaci\u00f3n a trav\u00e9s de la Direcciones Generales de Nivel Inicial, Nivel Primario, Modalidades Educativas, Nivel Secundario y Nivel Superior, comunic\u00f3 a los docentes que a partir de las 00 hs. del d\u00eda Viernes 1 y hasta las 23:59 hs. del d\u00eda S\u00e1bado 2 de Mayo de 2026, se realizar\u00e1 el OFRECIMIENTO de Cargos y Horas C\u00e1tedra Titulares y Suplentes del primer grado del escalaf\u00f3n en el sistema \u201cConsejo Virtual\u201d, ingresando en el Portal Oficial del CGE www.cgesantiago.gob.ar \u2013 Secci\u00f3n \u201cConsejo virtual\u201d.<\/p>\n<p><img loading=\"lazy\" decoding=\"async\" class=\"alignnone wp-image-69606 size-full\" src=\"http:\/\/elurbanoweb.com.ar\/diario\/wp-content\/uploads\/2026\/05\/consejo1.jpg\" alt=\"\" width=\"1010\" height=\"567\" srcset=\"http:\/\/elurbanoweb.com.ar\/diario\/wp-content\/uploads\/2026\/05\/consejo1.jpg 1010w, http:\/\/elurbanoweb.com.ar\/diario\/wp-content\/uploads\/2026\/05\/consejo1-300x168.jpg 300w, http:\/\/elurbanoweb.com.ar\/diario\/wp-content\/uploads\/2026\/05\/consejo1-150x84.jpg 150w\" sizes=\"auto, (max-width: 1010px) 100vw, 1010px\" \/><\/p>\n<p><!--more--><\/p>\n<p>Los ofrecimientos se realizar\u00e1n conforme al LOM 2026 y las nuevas pautas establecidas en la Resoluci\u00f3n N\u00ba 316\/2026.<\/p>\n","protected":false},"excerpt":{"rendered":"<p>El Consejo General de Educaci\u00f3n a trav\u00e9s de la Direcciones Generales de Nivel Inicial, Nivel Primario, Modalidades Educativas, Nivel Secundario y Nivel Superior, comunic\u00f3 a los docentes que a partir&hellip; <\/p>\n","protected":false},"author":1,"featured_media":69606,"comment_status":"closed","ping_status":"closed","sticky":false,"template":"","format":"standard","meta":{"footnotes":""},"categories":[16],"tags":[],"class_list":["post-69605","post","type-post","status-publish","format-standard","has-post-thumbnail","hentry","category-locales"],"_links":{"self":[{"href":"http:\/\/elurbanoweb.com.ar\/diario\/wp-json\/wp\/v2\/posts\/69605","targetHints":{"allow":["GET"]}}],"collection":[{"href":"http:\/\/elurbanoweb.com.ar\/diario\/wp-json\/wp\/v2\/posts"}],"about":[{"href":"http:\/\/elurbanoweb.com.ar\/diario\/wp-json\/wp\/v2\/types\/post"}],"author":[{"embeddable":true,"href":"http:\/\/elurbanoweb.com.ar\/diario\/wp-json\/wp\/v2\/users\/1"}],"replies":[{"embeddable":true,"href":"http:\/\/elurbanoweb.com.ar\/diario\/wp-json\/wp\/v2\/comments?post=69605"}],"version-history":[{"count":1,"href":"http:\/\/elurbanoweb.com.ar\/diario\/wp-json\/wp\/v2\/posts\/69605\/revisions"}],"predecessor-version":[{"id":69607,"href":"http:\/\/elurbanoweb.com.ar\/diario\/wp-json\/wp\/v2\/posts\/69605\/revisions\/69607"}],"wp:featuredmedia":[{"embeddable":true,"href":"http:\/\/elurbanoweb.com.ar\/diario\/wp-json\/wp\/v2\/media\/69606"}],"wp:attachment":[{"href":"http:\/\/elurbanoweb.com.ar\/diario\/wp-json\/wp\/v2\/media?parent=69605"}],"wp:term":[{"taxonomy":"category","embeddable":true,"href":"http:\/\/elurbanoweb.com.ar\/diario\/wp-json\/wp\/v2\/categories?post=69605"},{"taxonomy":"post_tag","embeddable":true,"href":"http:\/\/elurbanoweb.com.ar\/diario\/wp-json\/wp\/v2\/tags?post=69605"}],"curies":[{"name":"wp","href":"https:\/\/api.w.org\/{rel}","templated":true}]}}