{"id":69608,"date":"2026-05-01T10:51:22","date_gmt":"2026-05-01T13:51:22","guid":{"rendered":"https:\/\/elurbanoweb.com.ar\/diario\/?p=69608"},"modified":"2026-05-01T10:51:22","modified_gmt":"2026-05-01T13:51:22","slug":"primer-encuentro-peam-2026-experiencias-saberes-y-desafios-de-la-longevidad","status":"publish","type":"post","link":"http:\/\/elurbanoweb.com.ar\/diario\/primer-encuentro-peam-2026-experiencias-saberes-y-desafios-de-la-longevidad\/","title":{"rendered":"Primer encuentro PEAM 2026 \u00abExperiencias, saberes y desaf\u00edos de la longevidad\u00bb"},"content":{"rendered":"<p>En el SUM de la Escuela para la Innovaci\u00f3n Educativa se llev\u00f3 a cabo este primer encuentro del a\u00f1o de actividades del Programa de Educaci\u00f3n de Adultos Mayores de la UNSE.<\/p>\n<p><img loading=\"lazy\" decoding=\"async\" class=\"alignnone wp-image-69609 size-large\" src=\"http:\/\/elurbanoweb.com.ar\/diario\/wp-content\/uploads\/2026\/05\/peam2-1024x576.jpg\" alt=\"\" width=\"1024\" height=\"576\" srcset=\"http:\/\/elurbanoweb.com.ar\/diario\/wp-content\/uploads\/2026\/05\/peam2-1024x576.jpg 1024w, http:\/\/elurbanoweb.com.ar\/diario\/wp-content\/uploads\/2026\/05\/peam2-300x169.jpg 300w, http:\/\/elurbanoweb.com.ar\/diario\/wp-content\/uploads\/2026\/05\/peam2-150x84.jpg 150w, http:\/\/elurbanoweb.com.ar\/diario\/wp-content\/uploads\/2026\/05\/peam2.jpg 1080w\" sizes=\"auto, (max-width: 1024px) 100vw, 1024px\" \/><\/p>\n<p><!--more-->Estuvieron presentes, el rector de la Unse, Lic. Hugo Marcelino Ledesma, la vicerrectora, Dra. Fernanda Melano; el subsecretario de Extensi\u00f3n Universitaria, Lic. H\u00e9ctor T\u00e9vez, la Directora del PEAM Dra. Norma Tamer y la Lic. Nelly Tamer; profesores del programa, alumnos y p\u00fablico en general.<\/p>\n","protected":false},"excerpt":{"rendered":"<p>En el SUM de la Escuela para la Innovaci\u00f3n Educativa se llev\u00f3 a cabo este primer encuentro del a\u00f1o de actividades del Programa de Educaci\u00f3n de Adultos Mayores de la&hellip; <\/p>\n","protected":false},"author":1,"featured_media":69609,"comment_status":"closed","ping_status":"closed","sticky":false,"template":"","format":"standard","meta":{"footnotes":""},"categories":[15],"tags":[],"class_list":["post-69608","post","type-post","status-publish","format-standard","has-post-thumbnail","hentry","category-unse"],"_links":{"self":[{"href":"http:\/\/elurbanoweb.com.ar\/diario\/wp-json\/wp\/v2\/posts\/69608","targetHints":{"allow":["GET"]}}],"collection":[{"href":"http:\/\/elurbanoweb.com.ar\/diario\/wp-json\/wp\/v2\/posts"}],"about":[{"href":"http:\/\/elurbanoweb.com.ar\/diario\/wp-json\/wp\/v2\/types\/post"}],"author":[{"embeddable":true,"href":"http:\/\/elurbanoweb.com.ar\/diario\/wp-json\/wp\/v2\/users\/1"}],"replies":[{"embeddable":true,"href":"http:\/\/elurbanoweb.com.ar\/diario\/wp-json\/wp\/v2\/comments?post=69608"}],"version-history":[{"count":1,"href":"http:\/\/elurbanoweb.com.ar\/diario\/wp-json\/wp\/v2\/posts\/69608\/revisions"}],"predecessor-version":[{"id":69610,"href":"http:\/\/elurbanoweb.com.ar\/diario\/wp-json\/wp\/v2\/posts\/69608\/revisions\/69610"}],"wp:featuredmedia":[{"embeddable":true,"href":"http:\/\/elurbanoweb.com.ar\/diario\/wp-json\/wp\/v2\/media\/69609"}],"wp:attachment":[{"href":"http:\/\/elurbanoweb.com.ar\/diario\/wp-json\/wp\/v2\/media?parent=69608"}],"wp:term":[{"taxonomy":"category","embeddable":true,"href":"http:\/\/elurbanoweb.com.ar\/diario\/wp-json\/wp\/v2\/categories?post=69608"},{"taxonomy":"post_tag","embeddable":true,"href":"http:\/\/elurbanoweb.com.ar\/diario\/wp-json\/wp\/v2\/tags?post=69608"}],"curies":[{"name":"wp","href":"https:\/\/api.w.org\/{rel}","templated":true}]}}