{"id":69611,"date":"2026-05-01T10:56:08","date_gmt":"2026-05-01T13:56:08","guid":{"rendered":"https:\/\/elurbanoweb.com.ar\/diario\/?p=69611"},"modified":"2026-05-01T10:56:08","modified_gmt":"2026-05-01T13:56:08","slug":"la-banda-celebro-el-dia-del-animal-con-un-importante-encuentro-en-el-paseo-trujillo","status":"publish","type":"post","link":"http:\/\/elurbanoweb.com.ar\/diario\/la-banda-celebro-el-dia-del-animal-con-un-importante-encuentro-en-el-paseo-trujillo\/","title":{"rendered":"La Banda celebr\u00f3 el \u201cD\u00eda del Animal\u201d con un importante encuentro en el Paseo Trujillo"},"content":{"rendered":"<p>El d\u00eda mi\u00e9rcoles, la municipalidad de La Banda realiz\u00f3 con \u00e9xito un encuentro para celebrar el \u201cD\u00eda del Animal\u201d que incluy\u00f3 atenci\u00f3n veterinaria gratuita, entrega de turnos para castraciones, bendici\u00f3n y caminata de mascotas y una feria de emprendedores.<\/p>\n<p><img loading=\"lazy\" decoding=\"async\" class=\"alignnone wp-image-69612 size-large\" src=\"http:\/\/elurbanoweb.com.ar\/diario\/wp-content\/uploads\/2026\/05\/divina-703x1024.jpg\" alt=\"\" width=\"703\" height=\"1024\" srcset=\"http:\/\/elurbanoweb.com.ar\/diario\/wp-content\/uploads\/2026\/05\/divina-703x1024.jpg 703w, http:\/\/elurbanoweb.com.ar\/diario\/wp-content\/uploads\/2026\/05\/divina-206x300.jpg 206w, http:\/\/elurbanoweb.com.ar\/diario\/wp-content\/uploads\/2026\/05\/divina-103x150.jpg 103w, http:\/\/elurbanoweb.com.ar\/diario\/wp-content\/uploads\/2026\/05\/divina.jpg 940w\" sizes=\"auto, (max-width: 703px) 100vw, 703px\" \/><\/p>\n<p><!--more--><\/p>\n<p>Esta actividad fue organizada por las secretar\u00edas de Gobierno y la de Coordinaci\u00f3n y Desarrollo Territorial, y se desarroll\u00f3 en el Paseo Trujillo, situado sobre la Av. Besares, d\u00f3nde asistieron numerosos vecinos con sus mascotas.<\/p>\n<p>Durante el encuentro, veterinarios del Centro Integral de Sanidad Animal del barrio San Carlos realizaron vacunaciones, desparasitaci\u00f3n de mascotas y entregaron turnos para castraciones.<\/p>\n<p>El evento tambi\u00e9n cont\u00f3 con una feria de emprendedores, bendici\u00f3n de mascotas a cargo del padre Federico Poldi, radio abierta, caminata de mascotas, sorteos de entradas para el Cine Teatro Municipal Renzi, juegos para los m\u00e1s peque\u00f1os y servicios y asesor\u00edas gratuitas de direcciones municipales.<\/p>\n<p>\u201cHoy estamos celebrando el D\u00eda Nacional del Animal, con un encuentro organizado a trav\u00e9s de la Secretar\u00eda de Coordinaci\u00f3n y Desarrollo Territorial y la Secretar\u00eda de Gobierno, con sus diferentes \u00e1reas o dependencias\u201d, sostuvo el intendente, Roger Nediani.<\/p>\n<p>El lugar de encuentro fue en el Paseo Trujillo d\u00f3nde estuvo presente el equipo de profesionales del Centro Integral de Sanidad Animal del barrio San Fernando, realizando tareas de desparasitaci\u00f3n y vacunaci\u00f3n de mascotas.<\/p>\n<p>\u201cHoy hemos querido llegar a este sector de la ciudad para recibir a las vecinas y vecinos con sus mascotas, perros y gatos, y que tambi\u00e9n se han entregado turnos para castraciones. Este d\u00eda es muy importante, teniendo en cuenta que respetamos la biodiversidad dentro de la gesti\u00f3n. Siempre digo, no hay animales malos, simplemente hay que conocer sus comportamientos\u201d, indic\u00f3.<\/p>\n<p>A su vez, afirm\u00f3 que \u201clo mejor que nos puede pasar es tener una mascota en nuestra casa\u201d. \u201cAs\u00ed que estoy muy agradecido con los integrantes del equipo de trabajo del Centro de Sanidad Animal de La Banda. A trav\u00e9s de esta actividad tambi\u00e9n pudimos conversar con los vecinos que trajeron sus animalitos para consultas m\u00e9dica veterinaria y por suerte se fueron satisfechos con la atenci\u00f3n recibida\u201d.<\/p>\n<p>El jefe comunal bande\u00f1o sostuvo que pregonan \u201cla tenencia responsable de las mascotas. Porque lamentablemente hoy en d\u00eda a trav\u00e9s de las redes sociales podemos ver el mal comportamiento que tienen algunas personas con los animales. Obviamente que repudiamos esto de ra\u00edz. Entonces siempre estamos llevando este mensaje a todas las vecinas y vecinos, que la tenencia de las mascotas debe ser responsable. Esto tiene que ver con el cuidado, el cari\u00f1o y la atenci\u00f3n sanitaria de las mascotas\u201d, expres\u00f3.<\/p>\n","protected":false},"excerpt":{"rendered":"<p>El d\u00eda mi\u00e9rcoles, la municipalidad de La Banda realiz\u00f3 con \u00e9xito un encuentro para celebrar el \u201cD\u00eda del Animal\u201d que incluy\u00f3 atenci\u00f3n veterinaria gratuita, entrega de turnos para castraciones, bendici\u00f3n&hellip; <\/p>\n","protected":false},"author":1,"featured_media":69613,"comment_status":"closed","ping_status":"closed","sticky":false,"template":"","format":"standard","meta":{"footnotes":""},"categories":[9],"tags":[],"class_list":["post-69611","post","type-post","status-publish","format-standard","has-post-thumbnail","hentry","category-la-banda"],"_links":{"self":[{"href":"http:\/\/elurbanoweb.com.ar\/diario\/wp-json\/wp\/v2\/posts\/69611","targetHints":{"allow":["GET"]}}],"collection":[{"href":"http:\/\/elurbanoweb.com.ar\/diario\/wp-json\/wp\/v2\/posts"}],"about":[{"href":"http:\/\/elurbanoweb.com.ar\/diario\/wp-json\/wp\/v2\/types\/post"}],"author":[{"embeddable":true,"href":"http:\/\/elurbanoweb.com.ar\/diario\/wp-json\/wp\/v2\/users\/1"}],"replies":[{"embeddable":true,"href":"http:\/\/elurbanoweb.com.ar\/diario\/wp-json\/wp\/v2\/comments?post=69611"}],"version-history":[{"count":1,"href":"http:\/\/elurbanoweb.com.ar\/diario\/wp-json\/wp\/v2\/posts\/69611\/revisions"}],"predecessor-version":[{"id":69614,"href":"http:\/\/elurbanoweb.com.ar\/diario\/wp-json\/wp\/v2\/posts\/69611\/revisions\/69614"}],"wp:featuredmedia":[{"embeddable":true,"href":"http:\/\/elurbanoweb.com.ar\/diario\/wp-json\/wp\/v2\/media\/69613"}],"wp:attachment":[{"href":"http:\/\/elurbanoweb.com.ar\/diario\/wp-json\/wp\/v2\/media?parent=69611"}],"wp:term":[{"taxonomy":"category","embeddable":true,"href":"http:\/\/elurbanoweb.com.ar\/diario\/wp-json\/wp\/v2\/categories?post=69611"},{"taxonomy":"post_tag","embeddable":true,"href":"http:\/\/elurbanoweb.com.ar\/diario\/wp-json\/wp\/v2\/tags?post=69611"}],"curies":[{"name":"wp","href":"https:\/\/api.w.org\/{rel}","templated":true}]}}