{"id":69615,"date":"2026-05-01T10:59:46","date_gmt":"2026-05-01T13:59:46","guid":{"rendered":"https:\/\/elurbanoweb.com.ar\/diario\/?p=69615"},"modified":"2026-05-01T10:59:46","modified_gmt":"2026-05-01T13:59:46","slug":"el-intendente-roger-nediani-impulso-un-plan-de-mejoras-integrales-en-el-cine-teatro-renzi","status":"publish","type":"post","link":"http:\/\/elurbanoweb.com.ar\/diario\/el-intendente-roger-nediani-impulso-un-plan-de-mejoras-integrales-en-el-cine-teatro-renzi\/","title":{"rendered":"\u200bEl Intendente Roger Nediani impuls\u00f3 un plan de mejoras integrales en el Cine Teatro Renzi"},"content":{"rendered":"<p>\u200bDesde nueva tecnolog\u00eda en pantalla y sonido hasta calefacci\u00f3n para los d\u00edas de fr\u00edo, todo est\u00e1 pensado para que los bande\u00f1os disfruten de espect\u00e1culos de primer nivel.<\/p>\n<p><img loading=\"lazy\" decoding=\"async\" class=\"alignnone wp-image-69616 size-large\" src=\"http:\/\/elurbanoweb.com.ar\/diario\/wp-content\/uploads\/2026\/05\/cine2-1024x795.jpg\" alt=\"\" width=\"1024\" height=\"795\" srcset=\"http:\/\/elurbanoweb.com.ar\/diario\/wp-content\/uploads\/2026\/05\/cine2-1024x795.jpg 1024w, http:\/\/elurbanoweb.com.ar\/diario\/wp-content\/uploads\/2026\/05\/cine2-300x233.jpg 300w, http:\/\/elurbanoweb.com.ar\/diario\/wp-content\/uploads\/2026\/05\/cine2-150x117.jpg 150w, http:\/\/elurbanoweb.com.ar\/diario\/wp-content\/uploads\/2026\/05\/cine2.jpg 1080w\" sizes=\"auto, (max-width: 1024px) 100vw, 1024px\" \/><\/p>\n<p><!--more-->\u200bSeguimos fortaleciendo nuestra identidad, manteniendo precios accesibles y apoyando el cine nacional.<\/p>\n","protected":false},"excerpt":{"rendered":"<p>\u200bDesde nueva tecnolog\u00eda en pantalla y sonido hasta calefacci\u00f3n para los d\u00edas de fr\u00edo, todo est\u00e1 pensado para que los bande\u00f1os disfruten de espect\u00e1culos de primer nivel.<\/p>\n","protected":false},"author":1,"featured_media":69616,"comment_status":"closed","ping_status":"closed","sticky":false,"template":"","format":"standard","meta":{"footnotes":""},"categories":[9],"tags":[],"class_list":["post-69615","post","type-post","status-publish","format-standard","has-post-thumbnail","hentry","category-la-banda"],"_links":{"self":[{"href":"http:\/\/elurbanoweb.com.ar\/diario\/wp-json\/wp\/v2\/posts\/69615","targetHints":{"allow":["GET"]}}],"collection":[{"href":"http:\/\/elurbanoweb.com.ar\/diario\/wp-json\/wp\/v2\/posts"}],"about":[{"href":"http:\/\/elurbanoweb.com.ar\/diario\/wp-json\/wp\/v2\/types\/post"}],"author":[{"embeddable":true,"href":"http:\/\/elurbanoweb.com.ar\/diario\/wp-json\/wp\/v2\/users\/1"}],"replies":[{"embeddable":true,"href":"http:\/\/elurbanoweb.com.ar\/diario\/wp-json\/wp\/v2\/comments?post=69615"}],"version-history":[{"count":1,"href":"http:\/\/elurbanoweb.com.ar\/diario\/wp-json\/wp\/v2\/posts\/69615\/revisions"}],"predecessor-version":[{"id":69617,"href":"http:\/\/elurbanoweb.com.ar\/diario\/wp-json\/wp\/v2\/posts\/69615\/revisions\/69617"}],"wp:featuredmedia":[{"embeddable":true,"href":"http:\/\/elurbanoweb.com.ar\/diario\/wp-json\/wp\/v2\/media\/69616"}],"wp:attachment":[{"href":"http:\/\/elurbanoweb.com.ar\/diario\/wp-json\/wp\/v2\/media?parent=69615"}],"wp:term":[{"taxonomy":"category","embeddable":true,"href":"http:\/\/elurbanoweb.com.ar\/diario\/wp-json\/wp\/v2\/categories?post=69615"},{"taxonomy":"post_tag","embeddable":true,"href":"http:\/\/elurbanoweb.com.ar\/diario\/wp-json\/wp\/v2\/tags?post=69615"}],"curies":[{"name":"wp","href":"https:\/\/api.w.org\/{rel}","templated":true}]}}