{"id":69621,"date":"2026-05-01T11:06:29","date_gmt":"2026-05-01T14:06:29","guid":{"rendered":"https:\/\/elurbanoweb.com.ar\/diario\/?p=69621"},"modified":"2026-05-01T11:06:29","modified_gmt":"2026-05-01T14:06:29","slug":"mas-trabajos-de-instalacion-y-reemplazos-de-luminarias-led-en-diferentes-sectores-de-la-ciudad","status":"publish","type":"post","link":"http:\/\/elurbanoweb.com.ar\/diario\/mas-trabajos-de-instalacion-y-reemplazos-de-luminarias-led-en-diferentes-sectores-de-la-ciudad\/","title":{"rendered":"M\u00e1s trabajos de instalaci\u00f3n y reemplazos de luminarias Led en diferentes sectores de la ciudad"},"content":{"rendered":"<p>Barrio Mariano Moreno: se colocaron 18 artefactos en las calles Julio G\u00e9rez, Custodia Arguello, Gabriel P\u00e1ez, Gumersindo Gorosito, Alejandro Aguado, Benjam\u00edn Miranda, Francisco Cerro y Pedro Contreras.<\/p>\n<p><img loading=\"lazy\" decoding=\"async\" class=\"alignnone wp-image-69622 size-full\" src=\"http:\/\/elurbanoweb.com.ar\/diario\/wp-content\/uploads\/2026\/05\/mas7.jpg\" alt=\"\" width=\"899\" height=\"564\" srcset=\"http:\/\/elurbanoweb.com.ar\/diario\/wp-content\/uploads\/2026\/05\/mas7.jpg 899w, http:\/\/elurbanoweb.com.ar\/diario\/wp-content\/uploads\/2026\/05\/mas7-300x188.jpg 300w, http:\/\/elurbanoweb.com.ar\/diario\/wp-content\/uploads\/2026\/05\/mas7-150x94.jpg 150w\" sizes=\"auto, (max-width: 899px) 100vw, 899px\" \/><\/p>\n<p><!--more-->Se reemplazaron varias luminarias vandalizadas.<\/p>\n","protected":false},"excerpt":{"rendered":"<p>Barrio Mariano Moreno: se colocaron 18 artefactos en las calles Julio G\u00e9rez, Custodia Arguello, Gabriel P\u00e1ez, Gumersindo Gorosito, Alejandro Aguado, Benjam\u00edn Miranda, Francisco Cerro y Pedro Contreras.<\/p>\n","protected":false},"author":1,"featured_media":69622,"comment_status":"closed","ping_status":"closed","sticky":false,"template":"","format":"standard","meta":{"footnotes":""},"categories":[3],"tags":[],"class_list":["post-69621","post","type-post","status-publish","format-standard","has-post-thumbnail","hentry","category-municipio"],"_links":{"self":[{"href":"http:\/\/elurbanoweb.com.ar\/diario\/wp-json\/wp\/v2\/posts\/69621","targetHints":{"allow":["GET"]}}],"collection":[{"href":"http:\/\/elurbanoweb.com.ar\/diario\/wp-json\/wp\/v2\/posts"}],"about":[{"href":"http:\/\/elurbanoweb.com.ar\/diario\/wp-json\/wp\/v2\/types\/post"}],"author":[{"embeddable":true,"href":"http:\/\/elurbanoweb.com.ar\/diario\/wp-json\/wp\/v2\/users\/1"}],"replies":[{"embeddable":true,"href":"http:\/\/elurbanoweb.com.ar\/diario\/wp-json\/wp\/v2\/comments?post=69621"}],"version-history":[{"count":1,"href":"http:\/\/elurbanoweb.com.ar\/diario\/wp-json\/wp\/v2\/posts\/69621\/revisions"}],"predecessor-version":[{"id":69623,"href":"http:\/\/elurbanoweb.com.ar\/diario\/wp-json\/wp\/v2\/posts\/69621\/revisions\/69623"}],"wp:featuredmedia":[{"embeddable":true,"href":"http:\/\/elurbanoweb.com.ar\/diario\/wp-json\/wp\/v2\/media\/69622"}],"wp:attachment":[{"href":"http:\/\/elurbanoweb.com.ar\/diario\/wp-json\/wp\/v2\/media?parent=69621"}],"wp:term":[{"taxonomy":"category","embeddable":true,"href":"http:\/\/elurbanoweb.com.ar\/diario\/wp-json\/wp\/v2\/categories?post=69621"},{"taxonomy":"post_tag","embeddable":true,"href":"http:\/\/elurbanoweb.com.ar\/diario\/wp-json\/wp\/v2\/tags?post=69621"}],"curies":[{"name":"wp","href":"https:\/\/api.w.org\/{rel}","templated":true}]}}