{"id":69625,"date":"2026-05-01T11:09:07","date_gmt":"2026-05-01T14:09:07","guid":{"rendered":"https:\/\/elurbanoweb.com.ar\/diario\/?p=69625"},"modified":"2026-05-01T11:09:07","modified_gmt":"2026-05-01T14:09:07","slug":"el-gobernador-elias-suarez-saludo-a-los-trabajadores-santiaguenos-en-su-dia","status":"publish","type":"post","link":"http:\/\/elurbanoweb.com.ar\/diario\/el-gobernador-elias-suarez-saludo-a-los-trabajadores-santiaguenos-en-su-dia\/","title":{"rendered":"El gobernador El\u00edas Su\u00e1rez salud\u00f3 a los trabajadores santiague\u00f1os en su d\u00eda"},"content":{"rendered":"<p>A trav\u00e9s de sus redes sociales, el mandatario provincial comparti\u00f3 un mensaje de reconocimiento para quienes, con esfuerzo diario, contribuyen al crecimiento de Santiago del Estero.<\/p>\n<p><img loading=\"lazy\" decoding=\"async\" class=\"alignnone wp-image-69626 size-full\" src=\"http:\/\/elurbanoweb.com.ar\/diario\/wp-content\/uploads\/2026\/05\/saludo15.jpg\" alt=\"\" width=\"1010\" height=\"567\" srcset=\"http:\/\/elurbanoweb.com.ar\/diario\/wp-content\/uploads\/2026\/05\/saludo15.jpg 1010w, http:\/\/elurbanoweb.com.ar\/diario\/wp-content\/uploads\/2026\/05\/saludo15-300x168.jpg 300w, http:\/\/elurbanoweb.com.ar\/diario\/wp-content\/uploads\/2026\/05\/saludo15-150x84.jpg 150w\" sizes=\"auto, (max-width: 1010px) 100vw, 1010px\" \/><\/p>\n<p><!--more--><\/p>\n<p>El gobernador El\u00edas Su\u00e1rez salud\u00f3 este viernes 1 de mayo a los trabajadores santiague\u00f1os en el marco del D\u00eda del Trabajador, a trav\u00e9s de una publicaci\u00f3n realizada en sus redes sociales, acompa\u00f1ada por un video institucional.<\/p>\n<p>En su mensaje, el mandatario expres\u00f3 su \u201cprofundo respeto y reconocimiento\u201d a cada santiague\u00f1o y santiague\u00f1a que, con su esfuerzo cotidiano, aportan a la construcci\u00f3n del presente y el futuro de la provincia.<\/p>\n<p>Adem\u00e1s, el gobernador destac\u00f3 el valor del trabajo como motor de crecimiento, inclusi\u00f3n y desarrollo. \u201cEl trabajo no solo dignifica, tambi\u00e9n nos une y nos impulsa a seguir creciendo con m\u00e1s oportunidades, inclusi\u00f3n y desarrollo para todos\u201d, afirm\u00f3.<\/p>\n<p>La publicaci\u00f3n tambi\u00e9n estuvo acompa\u00f1ada por un video institucional en el que se remarc\u00f3 la historia de esfuerzo del pueblo santiague\u00f1o y el v\u00ednculo del trabajo con la identidad provincial.<\/p>\n","protected":false},"excerpt":{"rendered":"<p>A trav\u00e9s de sus redes sociales, el mandatario provincial comparti\u00f3 un mensaje de reconocimiento para quienes, con esfuerzo diario, contribuyen al crecimiento de Santiago del Estero.<\/p>\n","protected":false},"author":1,"featured_media":69626,"comment_status":"closed","ping_status":"closed","sticky":false,"template":"","format":"standard","meta":{"footnotes":""},"categories":[2],"tags":[],"class_list":["post-69625","post","type-post","status-publish","format-standard","has-post-thumbnail","hentry","category-gobierno"],"_links":{"self":[{"href":"http:\/\/elurbanoweb.com.ar\/diario\/wp-json\/wp\/v2\/posts\/69625","targetHints":{"allow":["GET"]}}],"collection":[{"href":"http:\/\/elurbanoweb.com.ar\/diario\/wp-json\/wp\/v2\/posts"}],"about":[{"href":"http:\/\/elurbanoweb.com.ar\/diario\/wp-json\/wp\/v2\/types\/post"}],"author":[{"embeddable":true,"href":"http:\/\/elurbanoweb.com.ar\/diario\/wp-json\/wp\/v2\/users\/1"}],"replies":[{"embeddable":true,"href":"http:\/\/elurbanoweb.com.ar\/diario\/wp-json\/wp\/v2\/comments?post=69625"}],"version-history":[{"count":1,"href":"http:\/\/elurbanoweb.com.ar\/diario\/wp-json\/wp\/v2\/posts\/69625\/revisions"}],"predecessor-version":[{"id":69627,"href":"http:\/\/elurbanoweb.com.ar\/diario\/wp-json\/wp\/v2\/posts\/69625\/revisions\/69627"}],"wp:featuredmedia":[{"embeddable":true,"href":"http:\/\/elurbanoweb.com.ar\/diario\/wp-json\/wp\/v2\/media\/69626"}],"wp:attachment":[{"href":"http:\/\/elurbanoweb.com.ar\/diario\/wp-json\/wp\/v2\/media?parent=69625"}],"wp:term":[{"taxonomy":"category","embeddable":true,"href":"http:\/\/elurbanoweb.com.ar\/diario\/wp-json\/wp\/v2\/categories?post=69625"},{"taxonomy":"post_tag","embeddable":true,"href":"http:\/\/elurbanoweb.com.ar\/diario\/wp-json\/wp\/v2\/tags?post=69625"}],"curies":[{"name":"wp","href":"https:\/\/api.w.org\/{rel}","templated":true}]}}