{"id":69628,"date":"2026-05-01T14:05:55","date_gmt":"2026-05-01T17:05:55","guid":{"rendered":"https:\/\/elurbanoweb.com.ar\/diario\/?p=69628"},"modified":"2026-05-01T14:05:55","modified_gmt":"2026-05-01T17:05:55","slug":"matara-celebro-su-432-aniversario-con-un-acto-central-y-homenaje-a-su-historia","status":"publish","type":"post","link":"http:\/\/elurbanoweb.com.ar\/diario\/matara-celebro-su-432-aniversario-con-un-acto-central-y-homenaje-a-su-historia\/","title":{"rendered":"Matar\u00e1 celebr\u00f3 su 432\u00b0 aniversario con un acto central y homenaje a su historia"},"content":{"rendered":"<p>La comunidad de Matar\u00e1, localidad del departamento Juan Felipe Ibarra, celebr\u00f3 este jueves su 432\u00b0 aniversario con un acto central en el play\u00f3n municipal.<\/p>\n<p><img loading=\"lazy\" decoding=\"async\" class=\"alignnone wp-image-69629 size-full\" src=\"http:\/\/elurbanoweb.com.ar\/diario\/wp-content\/uploads\/2026\/05\/matara1.jpg\" alt=\"\" width=\"1010\" height=\"567\" srcset=\"http:\/\/elurbanoweb.com.ar\/diario\/wp-content\/uploads\/2026\/05\/matara1.jpg 1010w, http:\/\/elurbanoweb.com.ar\/diario\/wp-content\/uploads\/2026\/05\/matara1-300x168.jpg 300w, http:\/\/elurbanoweb.com.ar\/diario\/wp-content\/uploads\/2026\/05\/matara1-150x84.jpg 150w\" sizes=\"auto, (max-width: 1010px) 100vw, 1010px\" \/><\/p>\n<p><!--more--><\/p>\n<p>En representaci\u00f3n del Gobierno de la provincia asisti\u00f3 el ministro de Desarrollo Social, \u00c1ngel Niccolai y el subsecretario de Turismo, Nelson Bravo. Tambi\u00e9n autoridades de la zona que fueron recibidas por el comisionado local Orlando D\u2019Andrea.<\/p>\n<p>El acto convoc\u00f3 adem\u00e1s a vecinos, familias de la comunidad y visitantes de localidades cercanas, quienes se sumaron a la conmemoraci\u00f3n de esta significativa fecha para el pueblo destacando la identidad, la historia y el crecimiento de Matar\u00e1 a lo largo de los a\u00f1os.<\/p>\n<p>En referencia al acontecimiento, Orlando \u201cDito\u201d D\u2019Andrea, expres\u00f3: \u00abEs una fecha tan importante para nuestra comunidad, rica en historia y tradiciones lo que hoy nos re\u00fane para celebrar sus 432 a\u00f1os de esta cuna de pr\u00f3ceres y custodios de la reliquia m\u00e1s antigua del pa\u00eds, la cruz catequ\u00edtica de Matar\u00e1, s\u00edmbolo de ra\u00edces de nuestra herencia espiritual\u00bb.<\/p>\n<p>A su turno, Niccolai expres\u00f3: \u00abEs importante que los pueblos valoren y festejen sus aniversarios, sus ra\u00edces, reconozcan su historia y su identidad, sobre todo esta localidad como Matar\u00e1, que tiene una historia tan rica de santiague\u00f1idad\u00bb.<\/p>\n<p>Seguidamente destac\u00f3 el trabajo realizado en conjunto entre los comisionados, intendentes, asociaciones e instituciones educativas, culturales en las \u00faltimas inundaciones, sin dejar de lado a las familias que necesitaban. Esto se valora y se reconoce porque Santiago del Estero es respeto, solidaridad; donde es posible el di\u00e1logo, el encuentro y el consenso que sabemos que lo hacemos desde las diferentes vertientes pol\u00edtica ideologicas. Hoy los santiague\u00f1os nos damos cuenta que tenemos que transitar tiempos y buscar que cosas nos unen y nos permiten aunar criterios ideas y lograr objetivos que nos integren a todos y permitan que esta provincia pueda crecer y desarrollarse. Feliz cumplea\u00f1os Matar\u00e1, feliz cumplea\u00f1os a todas las familias\u00bb, concluy\u00f3.<\/p>\n","protected":false},"excerpt":{"rendered":"<p>La comunidad de Matar\u00e1, localidad del departamento Juan Felipe Ibarra, celebr\u00f3 este jueves su 432\u00b0 aniversario con un acto central en el play\u00f3n municipal.<\/p>\n","protected":false},"author":1,"featured_media":69629,"comment_status":"closed","ping_status":"closed","sticky":false,"template":"","format":"standard","meta":{"footnotes":""},"categories":[10],"tags":[],"class_list":["post-69628","post","type-post","status-publish","format-standard","has-post-thumbnail","hentry","category-interior"],"_links":{"self":[{"href":"http:\/\/elurbanoweb.com.ar\/diario\/wp-json\/wp\/v2\/posts\/69628","targetHints":{"allow":["GET"]}}],"collection":[{"href":"http:\/\/elurbanoweb.com.ar\/diario\/wp-json\/wp\/v2\/posts"}],"about":[{"href":"http:\/\/elurbanoweb.com.ar\/diario\/wp-json\/wp\/v2\/types\/post"}],"author":[{"embeddable":true,"href":"http:\/\/elurbanoweb.com.ar\/diario\/wp-json\/wp\/v2\/users\/1"}],"replies":[{"embeddable":true,"href":"http:\/\/elurbanoweb.com.ar\/diario\/wp-json\/wp\/v2\/comments?post=69628"}],"version-history":[{"count":1,"href":"http:\/\/elurbanoweb.com.ar\/diario\/wp-json\/wp\/v2\/posts\/69628\/revisions"}],"predecessor-version":[{"id":69630,"href":"http:\/\/elurbanoweb.com.ar\/diario\/wp-json\/wp\/v2\/posts\/69628\/revisions\/69630"}],"wp:featuredmedia":[{"embeddable":true,"href":"http:\/\/elurbanoweb.com.ar\/diario\/wp-json\/wp\/v2\/media\/69629"}],"wp:attachment":[{"href":"http:\/\/elurbanoweb.com.ar\/diario\/wp-json\/wp\/v2\/media?parent=69628"}],"wp:term":[{"taxonomy":"category","embeddable":true,"href":"http:\/\/elurbanoweb.com.ar\/diario\/wp-json\/wp\/v2\/categories?post=69628"},{"taxonomy":"post_tag","embeddable":true,"href":"http:\/\/elurbanoweb.com.ar\/diario\/wp-json\/wp\/v2\/tags?post=69628"}],"curies":[{"name":"wp","href":"https:\/\/api.w.org\/{rel}","templated":true}]}}