{"id":74929,"date":"2026-08-30T11:33:07","date_gmt":"2026-08-30T14:33:07","guid":{"rendered":"https:\/\/elurbanoweb.com.ar\/diario\/?p=74929"},"modified":"2026-08-30T11:33:07","modified_gmt":"2026-08-30T14:33:07","slug":"la-nasa-lanzo-al-espacio-el-telescopio-nancy-grace-roman-una-de-sus-misiones-mas-ambiciosas","status":"publish","type":"post","link":"http:\/\/elurbanoweb.com.ar\/diario\/la-nasa-lanzo-al-espacio-el-telescopio-nancy-grace-roman-una-de-sus-misiones-mas-ambiciosas\/","title":{"rendered":"La NASA lanz\u00f3 al espacio el telescopio nancy grace roman, una de sus misiones m\u00e1s ambiciosas"},"content":{"rendered":"<p>El telescopio espacial Nancy Grace Roman fue lanzado con \u00e9xito este domingo desde el Centro Espacial Kennedy, en Florida, y comenz\u00f3 su viaje hacia el punto de Lagrange L2, a unos 1,5 millones de kil\u00f3metros de la Tierra.<\/p>\n<p><img loading=\"lazy\" decoding=\"async\" class=\"alignnone wp-image-74930 size-full\" src=\"http:\/\/elurbanoweb.com.ar\/diario\/wp-content\/uploads\/2026\/08\/grace.jpg\" alt=\"\" width=\"1010\" height=\"567\" srcset=\"http:\/\/elurbanoweb.com.ar\/diario\/wp-content\/uploads\/2026\/08\/grace.jpg 1010w, http:\/\/elurbanoweb.com.ar\/diario\/wp-content\/uploads\/2026\/08\/grace-300x168.jpg 300w, http:\/\/elurbanoweb.com.ar\/diario\/wp-content\/uploads\/2026\/08\/grace-150x84.jpg 150w\" sizes=\"auto, (max-width: 1010px) 100vw, 1010px\" \/><\/p>\n<p><!--more--><\/p>\n<p>As\u00ed empezar\u00e1 una etapa de observaciones destinada a estudiar la expansi\u00f3n del universo, la materia oscura y los planetas situados fuera del sistema solar.<\/p>\n<p>El observatorio espacial despeg\u00f3 a las 8.26 de la Argentina a bordo de un cohete Falcon Heavy de SpaceX.<\/p>\n<p>Despu\u00e9s de separarse del veh\u00edculo, despleg\u00f3 sus paneles solares, estableci\u00f3 contacto con las estaciones terrestres y alcanz\u00f3 el estado conocido como power positive, el \u00faltimo hito cr\u00edtico de la secuencia inicial y que significa que ya comenz\u00f3 a generar la energ\u00eda necesaria para funcionar de manera aut\u00f3noma.<\/p>\n<p>La partida complet\u00f3 m\u00e1s de 15 a\u00f1os de dise\u00f1o, construcci\u00f3n y pruebas y comenz\u00f3 con un per\u00edodo de puesta en servicio que durar\u00e1 alrededor de 90 d\u00edas antes del inicio de las operaciones cient\u00edficas.<\/p>\n","protected":false},"excerpt":{"rendered":"<p>El telescopio espacial Nancy Grace Roman fue lanzado con \u00e9xito este domingo desde el Centro Espacial Kennedy, en Florida, y comenz\u00f3 su viaje hacia el punto de Lagrange L2, a&hellip; <\/p>\n","protected":false},"author":1,"featured_media":74930,"comment_status":"closed","ping_status":"closed","sticky":false,"template":"","format":"standard","meta":{"footnotes":""},"categories":[6],"tags":[],"class_list":["post-74929","post","type-post","status-publish","format-standard","has-post-thumbnail","hentry","category-mundo"],"_links":{"self":[{"href":"http:\/\/elurbanoweb.com.ar\/diario\/wp-json\/wp\/v2\/posts\/74929","targetHints":{"allow":["GET"]}}],"collection":[{"href":"http:\/\/elurbanoweb.com.ar\/diario\/wp-json\/wp\/v2\/posts"}],"about":[{"href":"http:\/\/elurbanoweb.com.ar\/diario\/wp-json\/wp\/v2\/types\/post"}],"author":[{"embeddable":true,"href":"http:\/\/elurbanoweb.com.ar\/diario\/wp-json\/wp\/v2\/users\/1"}],"replies":[{"embeddable":true,"href":"http:\/\/elurbanoweb.com.ar\/diario\/wp-json\/wp\/v2\/comments?post=74929"}],"version-history":[{"count":1,"href":"http:\/\/elurbanoweb.com.ar\/diario\/wp-json\/wp\/v2\/posts\/74929\/revisions"}],"predecessor-version":[{"id":74931,"href":"http:\/\/elurbanoweb.com.ar\/diario\/wp-json\/wp\/v2\/posts\/74929\/revisions\/74931"}],"wp:featuredmedia":[{"embeddable":true,"href":"http:\/\/elurbanoweb.com.ar\/diario\/wp-json\/wp\/v2\/media\/74930"}],"wp:attachment":[{"href":"http:\/\/elurbanoweb.com.ar\/diario\/wp-json\/wp\/v2\/media?parent=74929"}],"wp:term":[{"taxonomy":"category","embeddable":true,"href":"http:\/\/elurbanoweb.com.ar\/diario\/wp-json\/wp\/v2\/categories?post=74929"},{"taxonomy":"post_tag","embeddable":true,"href":"http:\/\/elurbanoweb.com.ar\/diario\/wp-json\/wp\/v2\/tags?post=74929"}],"curies":[{"name":"wp","href":"https:\/\/api.w.org\/{rel}","templated":true}]}}