{"id":74935,"date":"2026-08-30T11:36:57","date_gmt":"2026-08-30T14:36:57","guid":{"rendered":"https:\/\/elurbanoweb.com.ar\/diario\/?p=74935"},"modified":"2026-08-30T11:36:57","modified_gmt":"2026-08-30T14:36:57","slug":"se-celebro-el-dia-de-la-cultura-bandena-con-un-emotivo-homenaje-a-domingo-bravo-y-ricardo-dino-taralli","status":"publish","type":"post","link":"http:\/\/elurbanoweb.com.ar\/diario\/se-celebro-el-dia-de-la-cultura-bandena-con-un-emotivo-homenaje-a-domingo-bravo-y-ricardo-dino-taralli\/","title":{"rendered":"Se celebr\u00f3 el \u201cD\u00eda de la Cultura Bande\u00f1a\u201d con un emotivo homenaje a Domingo Bravo y Ricardo Dino Taralli"},"content":{"rendered":"<p>El Consejo Municipal de Cultura de La Banda, junto a la Municipalidad de la ciudad, llev\u00f3 adelante este jueves un encuentro cultural en la plaza Manuel Belgrano para conmemorar y celebrar el \u201cD\u00eda de la Cultura Bande\u00f1a\u201d, en una jornada dedicada a mantener viva la memoria y el legado de dos grandes referentes de la cultura local: los profesores Domingo Bravo y Ricardo Dino Taralli.<\/p>\n<p><img loading=\"lazy\" decoding=\"async\" class=\"alignnone wp-image-74936 size-full\" src=\"http:\/\/elurbanoweb.com.ar\/diario\/wp-content\/uploads\/2026\/08\/cultura0.jpg\" alt=\"\" width=\"1010\" height=\"567\" srcset=\"http:\/\/elurbanoweb.com.ar\/diario\/wp-content\/uploads\/2026\/08\/cultura0.jpg 1010w, http:\/\/elurbanoweb.com.ar\/diario\/wp-content\/uploads\/2026\/08\/cultura0-300x168.jpg 300w, http:\/\/elurbanoweb.com.ar\/diario\/wp-content\/uploads\/2026\/08\/cultura0-150x84.jpg 150w\" sizes=\"auto, (max-width: 1010px) 100vw, 1010px\" \/><\/p>\n<p><!--more--><\/p>\n<p>La fecha tiene un significado especial para la comunidad bande\u00f1a, ya que ambos docentes y destacados exponentes de la cultura fallecieron un 27 de agosto, con dos a\u00f1os de diferencia. Domingo Bravo muri\u00f3 en 1997, mientras que Ricardo Dino Taralli falleci\u00f3 en 1999.<\/p>\n<p>Durante el encuentro, los organizadores realizaron una rese\u00f1a sobre la trayectoria, el compromiso y los aportes de ambos profesores a la educaci\u00f3n y la cultura bande\u00f1a. Asimismo, se compartieron y leyeron algunas de sus producciones, como una manera de recuperar sus voces y transmitir su legado a las nuevas generaciones.<\/p>\n<p>En el marco de la celebraci\u00f3n, el viceintendente de La Banda, Lic. Gabriel Santill\u00e1n, hizo entrega de una copia de la ordenanza del Honorable Concejo Deliberante mediante la cual la iniciativa fue declarada de Inter\u00e9s Municipal, Educativo y Cultural.<\/p>\n<p>Las autoridades del Consejo Municipal de Cultura tambi\u00e9n recibieron una copia de la Declaraci\u00f3n de Inter\u00e9s Legislativo, Cultural y Social emitida por la C\u00e1mara de Diputados de la Provincia de Santiago del Estero, reconocimiento que puso en valor la importancia de preservar y promover las expresiones culturales de una ciudad como La Banda.<\/p>\n<p>La jornada tambi\u00e9n cont\u00f3 con una variada propuesta art\u00edstica que permiti\u00f3 al p\u00fablico disfrutar de diferentes expresiones musicales y tradicionales. Entre las presentaciones se destac\u00f3 la actuaci\u00f3n del cantor de tangos Guillermo Capella, la cantante de m\u00fasica tropical Yenifer Ag\u00fcero Luna, los cantos nativos a cargo de Edith Corpos y la presentaci\u00f3n del rapero Juampi.<\/p>\n<p>Uno de los momentos especiales de la tarde fue la participaci\u00f3n del Coro Municipal Infanto Juvenil, dirigido por la profesora Beatriz Torres, que aport\u00f3 su talento y entusiasmo a esta celebraci\u00f3n.<\/p>\n<p>La danza tambi\u00e9n tuvo un lugar destacado con las presentaciones de la Academia de Danzas Folcl\u00f3ricas Los Amigos de la Danza, el Ballet Folcl\u00f3rico Ciudad de La Banda y bailarines de tango, quienes sumaron color, tradici\u00f3n y movimiento a una jornada que tuvo como eje central la identidad cultural bande\u00f1a.<\/p>\n<p>En la ocasi\u00f3n, el presidente del Concejo Municipal de Cultura de La Banda, Miguel Coria, destac\u00f3 lo siguiente: \u201cHoy es el D\u00eda de la Cultura Bande\u00f1a, por lo tanto, el Consejo Municipal de Cultura ha organizado un acto para homenajear a la cultura de La Banda y especialmente a dos nombres important\u00edsimos, a dos c\u00e9lebres personalidades de la cultura y la historia bande\u00f1a, el profesor Domingo Bravo y el profesor Ricardo Dino Taralli.<\/p>\n<p>Ellos fallecieron un 27 de agosto con dos a\u00f1os de diferencia. El profesor Domingo Bravo en el a\u00f1o 1997 y el profesor Ricardo Dino Taralli en 1999. Cosas del destino, e incluso me he enterado hace unos d\u00edas que fallecieron a la misma hora, a las 6 de la ma\u00f1ana.<\/p>\n<p>Posteriormente, en el a\u00f1o 2004, el Director de Cultura de la municipalidad de La Banda, profesor Jos\u00e9 Scrimini, present\u00f3 el proyecto ante el Honorable Consejo Deliberante que sancion\u00f3 la ordenanza para establecer oficialmente el D\u00eda de la Cultura Bande\u00f1a, en homenaje a esas dos personalidades.<\/p>\n<p>Agreg\u00f3: \u201cEl acto cont\u00f3 con en primer t\u00e9rmino con una parte protocolar d\u00f3nde se realiz\u00f3 un homenaje a los profesores Domingo Bravo y Ricardo Dino Taralli. Nos referimos a ellos y se leyeron algunas de sus producciones.<\/p>\n<p>Luego hubo un acto art\u00edstico, porque el Consejo, nosotros como Consejo Municipal de Cultura, entendemos que la cultura no solo es la literatura y el folclore, sino que hay tambi\u00e9n otras expresiones dentro de la m\u00fasica y quisimos darle un espacio, porque es cultura tambi\u00e9n.<\/p>\n<p>Por ejemplo, hay un joven bande\u00f1o que hace rap, est\u00e1 el tango, la danza, el folclore, el coro municipal infantil juvenil de La Banda y otros artistas que hemos invitado para celebrar la cultura\u201d.<\/p>\n<p>\u00abPara finalizar, quiero agradecer a los miembros del Consejo Municipal de Cultura, a la municipalidad de La Banda y al Concejo Deliberante, que nos han ayudan mucho para que podamos realizar este evento.<\/p>\n<p>Y por supuesto agradecerle al pueblo de La Banda y decirle a todos los actores culturales de La Banda que nos acompa\u00f1en, que presenten sus proyectos y juntos veremos si los podemos hacerlos cumplir\u201d, concluy\u00f3 Coria.<\/p>\n<p>De esta manera, la comunidad de La Banda volvi\u00f3 a encontrarse con su historia y sus expresiones culturales para rendir homenaje a Domingo Bravo y Ricardo Dino Taralli, reafirmando el compromiso de mantener vigente el patrimonio cultural y la memoria de quienes contribuyeron a construir la identidad de la ciudad.<\/p>\n","protected":false},"excerpt":{"rendered":"<p>El Consejo Municipal de Cultura de La Banda, junto a la Municipalidad de la ciudad, llev\u00f3 adelante este jueves un encuentro cultural en la plaza Manuel Belgrano para conmemorar y&hellip; <\/p>\n","protected":false},"author":1,"featured_media":74936,"comment_status":"closed","ping_status":"closed","sticky":false,"template":"","format":"standard","meta":{"footnotes":""},"categories":[9],"tags":[],"class_list":["post-74935","post","type-post","status-publish","format-standard","has-post-thumbnail","hentry","category-la-banda"],"_links":{"self":[{"href":"http:\/\/elurbanoweb.com.ar\/diario\/wp-json\/wp\/v2\/posts\/74935","targetHints":{"allow":["GET"]}}],"collection":[{"href":"http:\/\/elurbanoweb.com.ar\/diario\/wp-json\/wp\/v2\/posts"}],"about":[{"href":"http:\/\/elurbanoweb.com.ar\/diario\/wp-json\/wp\/v2\/types\/post"}],"author":[{"embeddable":true,"href":"http:\/\/elurbanoweb.com.ar\/diario\/wp-json\/wp\/v2\/users\/1"}],"replies":[{"embeddable":true,"href":"http:\/\/elurbanoweb.com.ar\/diario\/wp-json\/wp\/v2\/comments?post=74935"}],"version-history":[{"count":1,"href":"http:\/\/elurbanoweb.com.ar\/diario\/wp-json\/wp\/v2\/posts\/74935\/revisions"}],"predecessor-version":[{"id":74937,"href":"http:\/\/elurbanoweb.com.ar\/diario\/wp-json\/wp\/v2\/posts\/74935\/revisions\/74937"}],"wp:featuredmedia":[{"embeddable":true,"href":"http:\/\/elurbanoweb.com.ar\/diario\/wp-json\/wp\/v2\/media\/74936"}],"wp:attachment":[{"href":"http:\/\/elurbanoweb.com.ar\/diario\/wp-json\/wp\/v2\/media?parent=74935"}],"wp:term":[{"taxonomy":"category","embeddable":true,"href":"http:\/\/elurbanoweb.com.ar\/diario\/wp-json\/wp\/v2\/categories?post=74935"},{"taxonomy":"post_tag","embeddable":true,"href":"http:\/\/elurbanoweb.com.ar\/diario\/wp-json\/wp\/v2\/tags?post=74935"}],"curies":[{"name":"wp","href":"https:\/\/api.w.org\/{rel}","templated":true}]}}