{"id":74938,"date":"2026-08-30T11:39:06","date_gmt":"2026-08-30T14:39:06","guid":{"rendered":"https:\/\/elurbanoweb.com.ar\/diario\/?p=74938"},"modified":"2026-08-30T11:39:06","modified_gmt":"2026-08-30T14:39:06","slug":"rally-santiagueno-coronel-catalfamo-lideraron-la-primera-etapa-en-fernandez","status":"publish","type":"post","link":"http:\/\/elurbanoweb.com.ar\/diario\/rally-santiagueno-coronel-catalfamo-lideraron-la-primera-etapa-en-fernandez\/","title":{"rendered":"Rally Santiague\u00f1o: Coronel-Catalfamo lideraron la primera etapa en Fern\u00e1ndez"},"content":{"rendered":"<p>Fern\u00e1ndez volvi\u00f3 a vestirse de rally despu\u00e9s de casi dos a\u00f1os y los motores ya comenzaron a rugir. La localidad santiague\u00f1a es escenario este fin de semana de la quinta fecha del Campeonato Santiague\u00f1o de Rally, que este s\u00e1bado disput\u00f3 su primera etapa y ya tiene a sus primeros protagonistas.<\/p>\n<p><img loading=\"lazy\" decoding=\"async\" class=\"alignnone wp-image-74939 size-full\" src=\"http:\/\/elurbanoweb.com.ar\/diario\/wp-content\/uploads\/2026\/08\/rally0.jpg\" alt=\"\" width=\"1010\" height=\"567\" srcset=\"http:\/\/elurbanoweb.com.ar\/diario\/wp-content\/uploads\/2026\/08\/rally0.jpg 1010w, http:\/\/elurbanoweb.com.ar\/diario\/wp-content\/uploads\/2026\/08\/rally0-300x168.jpg 300w, http:\/\/elurbanoweb.com.ar\/diario\/wp-content\/uploads\/2026\/08\/rally0-150x84.jpg 150w\" sizes=\"auto, (max-width: 1010px) 100vw, 1010px\" \/><\/p>\n<p><!--more--><\/p>\n<p>El binomio integrado por Juan Coronel Beccaria y Luis Mart\u00edn Catalfamo, a bordo de un Kinetic de la clase RC5, fue el m\u00e1s r\u00e1pido de la jornada. Los santiague\u00f1os completaron el recorrido con un tiempo de 7 minutos, 10 segundos y 8 d\u00e9cimas, para quedar al frente de la clasificaci\u00f3n general.<\/p>\n<p>Detr\u00e1s de los l\u00edderes se ubicaron Yorbandi Quiroga y Cerezo, con un Gol de la clase A1, quienes registraron 7m13s3, a apenas 2s5 de los ganadores. El tercer lugar qued\u00f3 para Godoy-Molina, tambi\u00e9n con un Gol, con un tiempo de 7m14s6.<\/p>\n<p>La jornada inicial tuvo como protagonista a una super prueba especial, que marc\u00f3 el regreso del rally a Fern\u00e1ndez luego de casi dos a\u00f1os. El p\u00fablico acompa\u00f1\u00f3 el espect\u00e1culo y volvi\u00f3 a disfrutar del ruido de los motores en los caminos de la Ciudad del Agro.<\/p>\n<p>La clasificaci\u00f3n mostr\u00f3 adem\u00e1s una competencia muy pareja en los primeros puestos. P\u00e9rez-Storniolo, con un Kinetic RC5, finalizaron cuartos con 7m22s6, mientras que Vilchez-Ferreyra, con un Fiesta, completaron los cinco primeros con 7m27s2.<\/p>\n","protected":false},"excerpt":{"rendered":"<p>Fern\u00e1ndez volvi\u00f3 a vestirse de rally despu\u00e9s de casi dos a\u00f1os y los motores ya comenzaron a rugir. La localidad santiague\u00f1a es escenario este fin de semana de la quinta&hellip; <\/p>\n","protected":false},"author":1,"featured_media":74939,"comment_status":"closed","ping_status":"closed","sticky":false,"template":"","format":"standard","meta":{"footnotes":""},"categories":[4],"tags":[],"class_list":["post-74938","post","type-post","status-publish","format-standard","has-post-thumbnail","hentry","category-deportes"],"_links":{"self":[{"href":"http:\/\/elurbanoweb.com.ar\/diario\/wp-json\/wp\/v2\/posts\/74938","targetHints":{"allow":["GET"]}}],"collection":[{"href":"http:\/\/elurbanoweb.com.ar\/diario\/wp-json\/wp\/v2\/posts"}],"about":[{"href":"http:\/\/elurbanoweb.com.ar\/diario\/wp-json\/wp\/v2\/types\/post"}],"author":[{"embeddable":true,"href":"http:\/\/elurbanoweb.com.ar\/diario\/wp-json\/wp\/v2\/users\/1"}],"replies":[{"embeddable":true,"href":"http:\/\/elurbanoweb.com.ar\/diario\/wp-json\/wp\/v2\/comments?post=74938"}],"version-history":[{"count":1,"href":"http:\/\/elurbanoweb.com.ar\/diario\/wp-json\/wp\/v2\/posts\/74938\/revisions"}],"predecessor-version":[{"id":74940,"href":"http:\/\/elurbanoweb.com.ar\/diario\/wp-json\/wp\/v2\/posts\/74938\/revisions\/74940"}],"wp:featuredmedia":[{"embeddable":true,"href":"http:\/\/elurbanoweb.com.ar\/diario\/wp-json\/wp\/v2\/media\/74939"}],"wp:attachment":[{"href":"http:\/\/elurbanoweb.com.ar\/diario\/wp-json\/wp\/v2\/media?parent=74938"}],"wp:term":[{"taxonomy":"category","embeddable":true,"href":"http:\/\/elurbanoweb.com.ar\/diario\/wp-json\/wp\/v2\/categories?post=74938"},{"taxonomy":"post_tag","embeddable":true,"href":"http:\/\/elurbanoweb.com.ar\/diario\/wp-json\/wp\/v2\/tags?post=74938"}],"curies":[{"name":"wp","href":"https:\/\/api.w.org\/{rel}","templated":true}]}}