{"id":74944,"date":"2026-08-30T11:42:21","date_gmt":"2026-08-30T14:42:21","guid":{"rendered":"https:\/\/elurbanoweb.com.ar\/diario\/?p=74944"},"modified":"2026-08-30T11:42:21","modified_gmt":"2026-08-30T14:42:21","slug":"tercero-en-el-gp-de-aragon-el-argentino-marco-morelli-logro-un-nuevo-podio-en-moto3","status":"publish","type":"post","link":"http:\/\/elurbanoweb.com.ar\/diario\/tercero-en-el-gp-de-aragon-el-argentino-marco-morelli-logro-un-nuevo-podio-en-moto3\/","title":{"rendered":"Tercero en el GP de Arag\u00f3n: el argentino Marco Morelli logr\u00f3 un nuevo podio en Moto3"},"content":{"rendered":"<p>Marco Morelli ven\u00eda de un fin de semana complicado en el Gran Premio de Gran Breta\u00f1a. Aquel 16\u00ba lugar de Silverstone le dej\u00f3 malas sensaciones a uno de los dos pilotos que representan a la Argentina en el Mundial de Moto3. Con la mochila cargada de necesidades lleg\u00f3 al Gran Premio de Arag\u00f3n, 13\u00aa fecha de la temporada, y se sac\u00f3 la espina inglesa con una gran actuaci\u00f3n: finaliz\u00f3 tercero para firmar su cuarto podio en la categor\u00eda, todos conseguidos en esta temporada.<\/p>\n<p><img loading=\"lazy\" decoding=\"async\" class=\"alignnone wp-image-74945 size-full\" src=\"http:\/\/elurbanoweb.com.ar\/diario\/wp-content\/uploads\/2026\/08\/podio.jpg\" alt=\"\" width=\"1010\" height=\"567\" srcset=\"http:\/\/elurbanoweb.com.ar\/diario\/wp-content\/uploads\/2026\/08\/podio.jpg 1010w, http:\/\/elurbanoweb.com.ar\/diario\/wp-content\/uploads\/2026\/08\/podio-300x168.jpg 300w, http:\/\/elurbanoweb.com.ar\/diario\/wp-content\/uploads\/2026\/08\/podio-150x84.jpg 150w\" sizes=\"auto, (max-width: 1010px) 100vw, 1010px\" \/><\/p>\n<p><!--more--><\/p>\n<p>El piloto del equipo Aspar Team ya hab\u00eda dado se\u00f1ales en desde el viernes de tener un gran ritmo. En cada salida a pista fue mejorando su andar hasta firmar un gran segundo lugar en la parrilla de partida. Ya en la carrera, Morelli se mantuvo en el grupo delantero desde que el sem\u00e1foro se apag\u00f3. Inicialmente eran cinco pilotos los que luchaban por el podio, pero la penalizaci\u00f3n de vuelta larga que acarreaba Brian Uriarte lo sac\u00f3 r\u00e1pidamente de la pelea. La batalla qued\u00f3 reservada para Morelli, M\u00e1ximo Quiles, David Almansa y \u00c1lvaro Carpe.<\/p>\n<p>El cuarteto se escap\u00f3 y se mantuvo muy cercano durante casi toda la competencia. Morelli se pas\u00f3 m\u00e1s de la mitad de las vueltas en el cuarto puesto, expectante, esperando, analizando qu\u00e9 hac\u00edan los tres rivales. Quiles lleg\u00f3 a la punta de la carrera en el 11\u00aa vuelta de las 17 pactadas y manej\u00f3 el ritmo como quiso. Cundo lo necesit\u00f3, apret\u00f3 y se escap\u00f3; cuando pudo descansar su cuerpo mancillado se le ven\u00edan los de atr\u00e1s. Pero nadie m\u00e1s podr\u00eda con el murciano.<\/p>\n","protected":false},"excerpt":{"rendered":"<p>Marco Morelli ven\u00eda de un fin de semana complicado en el Gran Premio de Gran Breta\u00f1a. Aquel 16\u00ba lugar de Silverstone le dej\u00f3 malas sensaciones a uno de los dos&hellip; <\/p>\n","protected":false},"author":1,"featured_media":74945,"comment_status":"closed","ping_status":"closed","sticky":false,"template":"","format":"standard","meta":{"footnotes":""},"categories":[4],"tags":[],"class_list":["post-74944","post","type-post","status-publish","format-standard","has-post-thumbnail","hentry","category-deportes"],"_links":{"self":[{"href":"http:\/\/elurbanoweb.com.ar\/diario\/wp-json\/wp\/v2\/posts\/74944","targetHints":{"allow":["GET"]}}],"collection":[{"href":"http:\/\/elurbanoweb.com.ar\/diario\/wp-json\/wp\/v2\/posts"}],"about":[{"href":"http:\/\/elurbanoweb.com.ar\/diario\/wp-json\/wp\/v2\/types\/post"}],"author":[{"embeddable":true,"href":"http:\/\/elurbanoweb.com.ar\/diario\/wp-json\/wp\/v2\/users\/1"}],"replies":[{"embeddable":true,"href":"http:\/\/elurbanoweb.com.ar\/diario\/wp-json\/wp\/v2\/comments?post=74944"}],"version-history":[{"count":1,"href":"http:\/\/elurbanoweb.com.ar\/diario\/wp-json\/wp\/v2\/posts\/74944\/revisions"}],"predecessor-version":[{"id":74946,"href":"http:\/\/elurbanoweb.com.ar\/diario\/wp-json\/wp\/v2\/posts\/74944\/revisions\/74946"}],"wp:featuredmedia":[{"embeddable":true,"href":"http:\/\/elurbanoweb.com.ar\/diario\/wp-json\/wp\/v2\/media\/74945"}],"wp:attachment":[{"href":"http:\/\/elurbanoweb.com.ar\/diario\/wp-json\/wp\/v2\/media?parent=74944"}],"wp:term":[{"taxonomy":"category","embeddable":true,"href":"http:\/\/elurbanoweb.com.ar\/diario\/wp-json\/wp\/v2\/categories?post=74944"},{"taxonomy":"post_tag","embeddable":true,"href":"http:\/\/elurbanoweb.com.ar\/diario\/wp-json\/wp\/v2\/tags?post=74944"}],"curies":[{"name":"wp","href":"https:\/\/api.w.org\/{rel}","templated":true}]}}