{"id":74947,"date":"2026-08-30T11:44:08","date_gmt":"2026-08-30T14:44:08","guid":{"rendered":"https:\/\/elurbanoweb.com.ar\/diario\/?p=74947"},"modified":"2026-08-30T11:44:08","modified_gmt":"2026-08-30T14:44:08","slug":"continuan-abiertas-las-inscripciones-para-una-nueva-edicion-de-cursos-virtuales-gratuitos-2","status":"publish","type":"post","link":"http:\/\/elurbanoweb.com.ar\/diario\/continuan-abiertas-las-inscripciones-para-una-nueva-edicion-de-cursos-virtuales-gratuitos-2\/","title":{"rendered":"Contin\u00faan abiertas las inscripciones para una nueva edici\u00f3n de cursos virtuales gratuitos"},"content":{"rendered":"<p>La Municipalidad de La Banda, a trav\u00e9s de Punto Digital, inform\u00f3 que ya se encuentran abiertas las inscripciones para la \u201c8\u00b0 Edici\u00f3n de Cursos de la Plataforma de Aprendizaje Virtual (PAV)\u201d, una propuesta de capacitaci\u00f3n libre, gratuita y a distancia destinada a toda la comunidad.<\/p>\n<p><img loading=\"lazy\" decoding=\"async\" class=\"alignnone wp-image-74948 size-full\" src=\"http:\/\/elurbanoweb.com.ar\/diario\/wp-content\/uploads\/2026\/08\/compu1.jpg\" alt=\"\" width=\"1010\" height=\"567\" srcset=\"http:\/\/elurbanoweb.com.ar\/diario\/wp-content\/uploads\/2026\/08\/compu1.jpg 1010w, http:\/\/elurbanoweb.com.ar\/diario\/wp-content\/uploads\/2026\/08\/compu1-300x168.jpg 300w, http:\/\/elurbanoweb.com.ar\/diario\/wp-content\/uploads\/2026\/08\/compu1-150x84.jpg 150w\" sizes=\"auto, (max-width: 1010px) 100vw, 1010px\" \/><\/p>\n<p><!--more--><\/p>\n<p>Las inscripciones estar\u00e1n habilitadas hasta el 7 de septiembre mientras que la cursada se desarrollar\u00e1 del 1 de septiembre hasta el 12 de octubre. La modalidad ser\u00e1 autoasistida y asincr\u00f3nica, permitiendo que cada participante avance seg\u00fan sus tiempos y posibilidades. Adem\u00e1s, las capacitaciones no requieren conocimientos previos y otorgan certificado de participaci\u00f3n.<\/p>\n<p>Las personas interesadas pueden inscribirse ingresando a la Plataforma de Aprendizaje Virtual https:\/\/www.argentina.gob.ar\/jefatura\/innovacion-ciencia-y-tecnologia\/tics\/pav e iniciando sesi\u00f3n con su cuenta para acceder a los cursos disponibles.<\/p>\n<p>En esta edici\u00f3n se ofrecer\u00e1n los siguientes cursos: \u201cPrincipios b\u00e1sicos del dise\u00f1o gr\u00e1fico\u201d, Dise\u00f1o de Interfaces para Usuarios (UI)\u201d, \u201cInteligencia Artificial para Docentes\u201d, \u201cPlanificaci\u00f3n y gesti\u00f3n del emprendimiento\u201d, \u201cDise\u00f1o de CV y b\u00fasqueda de empleo\u201d, \u201cMarca Personal\u201d, \u201cAlfabetizaci\u00f3n digital b\u00e1sica\u201d, \u201cManejo eficaz del tiempo\u201d y \u201cAtenci\u00f3n al cliente en el sector tur\u00edstico\u201d.<\/p>\n<p>Desde Punto Digital destacaron que esta propuesta busca acercar oportunidades de formaci\u00f3n y fortalecer las competencias digitales de vecinos de todas las edades, promoviendo el acceso a herramientas tecnol\u00f3gicas \u00fatiles para el \u00e1mbito educativo, laboral y personal.<\/p>\n","protected":false},"excerpt":{"rendered":"<p>La Municipalidad de La Banda, a trav\u00e9s de Punto Digital, inform\u00f3 que ya se encuentran abiertas las inscripciones para la \u201c8\u00b0 Edici\u00f3n de Cursos de la Plataforma de Aprendizaje Virtual&hellip; <\/p>\n","protected":false},"author":1,"featured_media":74948,"comment_status":"closed","ping_status":"closed","sticky":false,"template":"","format":"standard","meta":{"footnotes":""},"categories":[9],"tags":[],"class_list":["post-74947","post","type-post","status-publish","format-standard","has-post-thumbnail","hentry","category-la-banda"],"_links":{"self":[{"href":"http:\/\/elurbanoweb.com.ar\/diario\/wp-json\/wp\/v2\/posts\/74947","targetHints":{"allow":["GET"]}}],"collection":[{"href":"http:\/\/elurbanoweb.com.ar\/diario\/wp-json\/wp\/v2\/posts"}],"about":[{"href":"http:\/\/elurbanoweb.com.ar\/diario\/wp-json\/wp\/v2\/types\/post"}],"author":[{"embeddable":true,"href":"http:\/\/elurbanoweb.com.ar\/diario\/wp-json\/wp\/v2\/users\/1"}],"replies":[{"embeddable":true,"href":"http:\/\/elurbanoweb.com.ar\/diario\/wp-json\/wp\/v2\/comments?post=74947"}],"version-history":[{"count":1,"href":"http:\/\/elurbanoweb.com.ar\/diario\/wp-json\/wp\/v2\/posts\/74947\/revisions"}],"predecessor-version":[{"id":74949,"href":"http:\/\/elurbanoweb.com.ar\/diario\/wp-json\/wp\/v2\/posts\/74947\/revisions\/74949"}],"wp:featuredmedia":[{"embeddable":true,"href":"http:\/\/elurbanoweb.com.ar\/diario\/wp-json\/wp\/v2\/media\/74948"}],"wp:attachment":[{"href":"http:\/\/elurbanoweb.com.ar\/diario\/wp-json\/wp\/v2\/media?parent=74947"}],"wp:term":[{"taxonomy":"category","embeddable":true,"href":"http:\/\/elurbanoweb.com.ar\/diario\/wp-json\/wp\/v2\/categories?post=74947"},{"taxonomy":"post_tag","embeddable":true,"href":"http:\/\/elurbanoweb.com.ar\/diario\/wp-json\/wp\/v2\/tags?post=74947"}],"curies":[{"name":"wp","href":"https:\/\/api.w.org\/{rel}","templated":true}]}}