{"id":74956,"date":"2026-08-30T11:49:57","date_gmt":"2026-08-30T14:49:57","guid":{"rendered":"https:\/\/elurbanoweb.com.ar\/diario\/?p=74956"},"modified":"2026-08-30T11:49:57","modified_gmt":"2026-08-30T14:49:57","slug":"el-municipio-consolida-la-modernizacion-del-alumbrado-publico-en-toda-la-ciudad","status":"publish","type":"post","link":"http:\/\/elurbanoweb.com.ar\/diario\/el-municipio-consolida-la-modernizacion-del-alumbrado-publico-en-toda-la-ciudad\/","title":{"rendered":"El municipio consolida la modernizaci\u00f3n del alumbrado p\u00fablico en toda la ciudad"},"content":{"rendered":"<p>La Secretar\u00eda de Obras P\u00fablicas de la Municipalidad de La Banda contin\u00faa desarrollando trabajos de infraestructura y mejoramiento del alumbrado p\u00fablico en distintos sectores de la ciudad, con el objetivo de optimizar las condiciones de circulaci\u00f3n y brindar mayor seguridad y calidad de vida a los vecinos.<\/p>\n<p><img loading=\"lazy\" decoding=\"async\" class=\"alignnone wp-image-74957 size-full\" src=\"http:\/\/elurbanoweb.com.ar\/diario\/wp-content\/uploads\/2026\/08\/alumbrado9.jpg\" alt=\"\" width=\"1010\" height=\"567\" srcset=\"http:\/\/elurbanoweb.com.ar\/diario\/wp-content\/uploads\/2026\/08\/alumbrado9.jpg 1010w, http:\/\/elurbanoweb.com.ar\/diario\/wp-content\/uploads\/2026\/08\/alumbrado9-300x168.jpg 300w, http:\/\/elurbanoweb.com.ar\/diario\/wp-content\/uploads\/2026\/08\/alumbrado9-150x84.jpg 150w\" sizes=\"auto, (max-width: 1010px) 100vw, 1010px\" \/><\/p>\n<p><!--more--><\/p>\n<p>En los \u00faltimos d\u00edas, los empleados municipales realizaron trabajos de nivelaci\u00f3n de calles y colocaci\u00f3n de nuevas columnas, cableado y luminarias en el barrio Bajo de V\u00e9rtiz, avanzando con la renovaci\u00f3n de la infraestructura urbana del sector.<\/p>\n<p>Asimismo, se complet\u00f3 la reconversi\u00f3n del sistema de alumbrado con luces LED y la instalaci\u00f3n de nuevos postes en la calle Uriarte, en el tramo comprendido entre la avenida Libertador y la calle Mitre.<\/p>\n<p>En la misma arteria, se finalizaron adem\u00e1s 200 metros de nuevas columnas, cableado y luminarias LED, en el sector comprendido entre la avenida Libertador y la calle Guido Spano.<\/p>\n<p>Desde el \u00e1rea municipal destacaron que estas intervenciones forman parte de las acciones destinadas a mejorar y modernizar el sistema de iluminaci\u00f3n de la ciudad, al tiempo que se contin\u00faa trabajando en el mantenimiento y acondicionamiento de las calles de diferentes barrios bande\u00f1os.<\/p>\n","protected":false},"excerpt":{"rendered":"<p>La Secretar\u00eda de Obras P\u00fablicas de la Municipalidad de La Banda contin\u00faa desarrollando trabajos de infraestructura y mejoramiento del alumbrado p\u00fablico en distintos sectores de la ciudad, con el objetivo&hellip; <\/p>\n","protected":false},"author":1,"featured_media":74957,"comment_status":"closed","ping_status":"closed","sticky":false,"template":"","format":"standard","meta":{"footnotes":""},"categories":[9],"tags":[],"class_list":["post-74956","post","type-post","status-publish","format-standard","has-post-thumbnail","hentry","category-la-banda"],"_links":{"self":[{"href":"http:\/\/elurbanoweb.com.ar\/diario\/wp-json\/wp\/v2\/posts\/74956","targetHints":{"allow":["GET"]}}],"collection":[{"href":"http:\/\/elurbanoweb.com.ar\/diario\/wp-json\/wp\/v2\/posts"}],"about":[{"href":"http:\/\/elurbanoweb.com.ar\/diario\/wp-json\/wp\/v2\/types\/post"}],"author":[{"embeddable":true,"href":"http:\/\/elurbanoweb.com.ar\/diario\/wp-json\/wp\/v2\/users\/1"}],"replies":[{"embeddable":true,"href":"http:\/\/elurbanoweb.com.ar\/diario\/wp-json\/wp\/v2\/comments?post=74956"}],"version-history":[{"count":1,"href":"http:\/\/elurbanoweb.com.ar\/diario\/wp-json\/wp\/v2\/posts\/74956\/revisions"}],"predecessor-version":[{"id":74958,"href":"http:\/\/elurbanoweb.com.ar\/diario\/wp-json\/wp\/v2\/posts\/74956\/revisions\/74958"}],"wp:featuredmedia":[{"embeddable":true,"href":"http:\/\/elurbanoweb.com.ar\/diario\/wp-json\/wp\/v2\/media\/74957"}],"wp:attachment":[{"href":"http:\/\/elurbanoweb.com.ar\/diario\/wp-json\/wp\/v2\/media?parent=74956"}],"wp:term":[{"taxonomy":"category","embeddable":true,"href":"http:\/\/elurbanoweb.com.ar\/diario\/wp-json\/wp\/v2\/categories?post=74956"},{"taxonomy":"post_tag","embeddable":true,"href":"http:\/\/elurbanoweb.com.ar\/diario\/wp-json\/wp\/v2\/tags?post=74956"}],"curies":[{"name":"wp","href":"https:\/\/api.w.org\/{rel}","templated":true}]}}