{"id":74962,"date":"2026-08-30T11:53:07","date_gmt":"2026-08-30T14:53:07","guid":{"rendered":"https:\/\/elurbanoweb.com.ar\/diario\/?p=74962"},"modified":"2026-08-30T11:53:07","modified_gmt":"2026-08-30T14:53:07","slug":"la-banda-y-la-provincia-avanzan-en-la-integracion-de-la-red-de-salud","status":"publish","type":"post","link":"http:\/\/elurbanoweb.com.ar\/diario\/la-banda-y-la-provincia-avanzan-en-la-integracion-de-la-red-de-salud\/","title":{"rendered":"La Banda y la Provincia avanzan en la integraci\u00f3n de la Red de Salud"},"content":{"rendered":"<p>La Municipalidad de La Banda, a trav\u00e9s de la Direcci\u00f3n General de Salud, firm\u00f3 un importante Acuerdo de Gesti\u00f3n en Red con el Ministerio de Salud de la Provincia de Santiago del Estero, en el marco del Programa SUMAR+ y de la estrategia de Redes Integradas de Servicios de Salud (RISS).<\/p>\n<p><img loading=\"lazy\" decoding=\"async\" class=\"alignnone wp-image-74963 size-full\" src=\"http:\/\/elurbanoweb.com.ar\/diario\/wp-content\/uploads\/2026\/08\/integracion1.jpg\" alt=\"\" width=\"1010\" height=\"567\" srcset=\"http:\/\/elurbanoweb.com.ar\/diario\/wp-content\/uploads\/2026\/08\/integracion1.jpg 1010w, http:\/\/elurbanoweb.com.ar\/diario\/wp-content\/uploads\/2026\/08\/integracion1-300x168.jpg 300w, http:\/\/elurbanoweb.com.ar\/diario\/wp-content\/uploads\/2026\/08\/integracion1-150x84.jpg 150w\" sizes=\"auto, (max-width: 1010px) 100vw, 1010px\" \/><\/p>\n<p><!--more--><\/p>\n<p>El acto se desarroll\u00f3 en el Audit\u00f3rium \u201cDr. Ram\u00f3n Carrillo\u201d del Ministerio de Salud, donde autoridades municipales y provinciales formalizaron este acuerdo interinstitucional, considerado un paso significativo para avanzar en la integraci\u00f3n de la Red de Salud y fortalecer el seguimiento de enfermedades prevalentes.<\/p>\n<p>La iniciativa tiene como principal objetivo articular los distintos niveles de atenci\u00f3n sanitaria, jerarquizar el trabajo de los centros de salud barriales y avanzar en la digitalizaci\u00f3n de las historias cl\u00ednicas, permitiendo mejorar el acceso a la informaci\u00f3n y asegurar la continuidad de los tratamientos de los vecinos.<\/p>\n<p>En este marco, se concret\u00f3 la firma del Marco Estrat\u00e9gico para la Integraci\u00f3n de la Red de Salud y Seguimiento de Enfermedades Prevalentes, que establece las bases para una alianza estrat\u00e9gica entre los organismos involucrados.<\/p>\n<p>El acuerdo apunta, adem\u00e1s, a fortalecer la capacidad operativa de los centros asistenciales, optimizar el uso de los recursos p\u00fablicos y mejorar los mecanismos de coordinaci\u00f3n entre los diferentes niveles del sistema sanitario.<\/p>\n<p>De esta manera, el municipio y la Provincia ratificaron su compromiso de avanzar hacia un modelo de atenci\u00f3n m\u00e1s integrado, equitativo y de calidad, con especial \u00e9nfasis en la prevenci\u00f3n, el seguimiento de los pacientes y la continuidad de las prestaciones sanitarias para toda la comunidad bande\u00f1a.<\/p>\n<p>Una red conectada al servicio del ciudadano<\/p>\n<p>El nuevo modelo asistencial propone un abordaje integral que sit\u00faa al ciudadano en el centro de las pol\u00edticas sanitarias. Para evitar la fragmentaci\u00f3n del sistema, el esquema se articula sobre tres ejes fundamentales:<\/p>\n<p>Unir la atenci\u00f3n: Se establece una conexi\u00f3n fluida entre los centros sanitarios barriales y los hospitales de mayor complejidad o referencia, asegurando un circuito asistencial \u00e1gil y sin interrupciones.<\/p>\n<p>Cuidar desde el inicio: Se consolida el Primer Nivel de Atenci\u00f3n &#8211; Centros de Atenci\u00f3n Primaria de la Salud (CAPS), Centros de Atenci\u00f3n M\u00e9dica Municipal (CAMM )y salitas comunitarias \u2014 como la puerta de entrada principal y la gu\u00eda continua de la salud poblacional.<\/p>\n<p>Seguir al paciente: Se implementan mecanismos de acompa\u00f1amiento longitudinal para que las personas con patolog\u00edas prevalentes mantengan su tratamiento, medicaci\u00f3n y controles peri\u00f3dicos sin importar a qu\u00e9 efecto concurran.<\/p>\n<p>Herramientas y gesti\u00f3n para un impacto real<\/p>\n<p>Para garantizar la efectividad del acuerdo en el territorio, la gesti\u00f3n de la red se respaldar\u00e1 en la delimitaci\u00f3n de sistemas geogr\u00e1ficos organizados, que permitir\u00e1n el trabajo coordinado de equipos interdisciplinarios en cada zona.<\/p>\n<p>Asimismo, se implementar\u00e1 un sistema de informaci\u00f3n compartida y digitalizada con registros cl\u00ednicos unificados en toda la provincia, lo que facilitar\u00e1 el acceso inmediato a antecedentes, esquemas de vacunaci\u00f3n y controles de cada usuario.<\/p>\n<p>La iniciativa funcionar\u00e1 bajo un esquema de gesti\u00f3n por resultados, evaluando de forma continua los indicadores de salud para optimizar la asignaci\u00f3n de recursos y garantizar el respeto a la diversidad socio-cultural de la comunidad.<\/p>\n","protected":false},"excerpt":{"rendered":"<p>La Municipalidad de La Banda, a trav\u00e9s de la Direcci\u00f3n General de Salud, firm\u00f3 un importante Acuerdo de Gesti\u00f3n en Red con el Ministerio de Salud de la Provincia de&hellip; <\/p>\n","protected":false},"author":1,"featured_media":74963,"comment_status":"closed","ping_status":"closed","sticky":false,"template":"","format":"standard","meta":{"footnotes":""},"categories":[9,16],"tags":[],"class_list":["post-74962","post","type-post","status-publish","format-standard","has-post-thumbnail","hentry","category-la-banda","category-locales"],"_links":{"self":[{"href":"http:\/\/elurbanoweb.com.ar\/diario\/wp-json\/wp\/v2\/posts\/74962","targetHints":{"allow":["GET"]}}],"collection":[{"href":"http:\/\/elurbanoweb.com.ar\/diario\/wp-json\/wp\/v2\/posts"}],"about":[{"href":"http:\/\/elurbanoweb.com.ar\/diario\/wp-json\/wp\/v2\/types\/post"}],"author":[{"embeddable":true,"href":"http:\/\/elurbanoweb.com.ar\/diario\/wp-json\/wp\/v2\/users\/1"}],"replies":[{"embeddable":true,"href":"http:\/\/elurbanoweb.com.ar\/diario\/wp-json\/wp\/v2\/comments?post=74962"}],"version-history":[{"count":1,"href":"http:\/\/elurbanoweb.com.ar\/diario\/wp-json\/wp\/v2\/posts\/74962\/revisions"}],"predecessor-version":[{"id":74964,"href":"http:\/\/elurbanoweb.com.ar\/diario\/wp-json\/wp\/v2\/posts\/74962\/revisions\/74964"}],"wp:featuredmedia":[{"embeddable":true,"href":"http:\/\/elurbanoweb.com.ar\/diario\/wp-json\/wp\/v2\/media\/74963"}],"wp:attachment":[{"href":"http:\/\/elurbanoweb.com.ar\/diario\/wp-json\/wp\/v2\/media?parent=74962"}],"wp:term":[{"taxonomy":"category","embeddable":true,"href":"http:\/\/elurbanoweb.com.ar\/diario\/wp-json\/wp\/v2\/categories?post=74962"},{"taxonomy":"post_tag","embeddable":true,"href":"http:\/\/elurbanoweb.com.ar\/diario\/wp-json\/wp\/v2\/tags?post=74962"}],"curies":[{"name":"wp","href":"https:\/\/api.w.org\/{rel}","templated":true}]}}