{"id":74965,"date":"2026-08-30T11:54:40","date_gmt":"2026-08-30T14:54:40","guid":{"rendered":"https:\/\/elurbanoweb.com.ar\/diario\/?p=74965"},"modified":"2026-08-30T11:54:40","modified_gmt":"2026-08-30T14:54:40","slug":"garza-celebro-su-127-aniversario-con-la-inauguracion-de-obras-y-entrega-de-viviendas","status":"publish","type":"post","link":"http:\/\/elurbanoweb.com.ar\/diario\/garza-celebro-su-127-aniversario-con-la-inauguracion-de-obras-y-entrega-de-viviendas\/","title":{"rendered":"Garza celebr\u00f3 su 127\u00b0 aniversario con la inauguraci\u00f3n de obras y entrega de viviendas"},"content":{"rendered":"<p>La comunidad de Garza, cabecera del departamento Sarmiento, celebr\u00f3 su 127\u00b0 aniversario con la inauguraci\u00f3n de importantes obras y la entrega de viviendas sociales, que mejoran la calidad de vida de los vecinos.<\/p>\n<p><img loading=\"lazy\" decoding=\"async\" class=\"alignnone wp-image-74966 size-full\" src=\"http:\/\/elurbanoweb.com.ar\/diario\/wp-content\/uploads\/2026\/08\/sarmiento0.jpg\" alt=\"\" width=\"1024\" height=\"668\" srcset=\"http:\/\/elurbanoweb.com.ar\/diario\/wp-content\/uploads\/2026\/08\/sarmiento0.jpg 1024w, http:\/\/elurbanoweb.com.ar\/diario\/wp-content\/uploads\/2026\/08\/sarmiento0-300x196.jpg 300w, http:\/\/elurbanoweb.com.ar\/diario\/wp-content\/uploads\/2026\/08\/sarmiento0-150x98.jpg 150w\" sizes=\"auto, (max-width: 1024px) 100vw, 1024px\" \/><\/p>\n<p><!--more--><\/p>\n<p>La ceremonia central cont\u00f3 con la presencia del jefe de Gabinete, V\u00edctor Araujo, en jrepresentaci\u00f3n del gobernador El\u00edas Su\u00e1rez. Estuvo acompa\u00f1ado por el ministro de Desarrollo Social, \u00c1ngel Niccolai; la subsecretaria de Ni\u00f1ez, Adolescencia y Familia, Miriam Nallar; el director provincial de la Juventud, Cesar Gonz\u00e1lez, entre otras autoridades que fueron recibidas por el comisionado municipal Marcos Tenaglia.<\/p>\n<p>En su discurso, el jefe de Gabinete destac\u00f3 los avances de Garza, donde fue inaugurada la oficina del Registro Civil y de la Ni\u00f1ez, Adolescencia y Familia. Asimismo, se comprometi\u00f3 a seguir trabajando junto a la comisi\u00f3n municipal para consolidar este crecimiento.<\/p>\n<p>Tambi\u00e9n en el marco de este nuevo aniversario, se hizo la entrega formal de viviendas sociales en a familias del barrio Virgen del Valle, en el paraje San Pedro, y de Mistol Esquina, las que fueron construidas por la comisi\u00f3n municipal de Garza con fondos aportados por la provincia.<\/p>\n<p>En este marco, Marcos Tenaglia agradeci\u00f3 al Gobierno provincial por el apoyo brindado al se\u00f1alar que \u201ca pesar del contexto nacional, tenemos una provincia presente\u201d.<\/p>\n<p>El acto protocolar concluy\u00f3 con el tradicional canto del \u201cFeliz Cumplea\u00f1os\u201d, cerrando una jornada cargada de emoci\u00f3n, celebraci\u00f3n y renovadas expectativas para el futuro de Garza.<\/p>\n","protected":false},"excerpt":{"rendered":"<p>La comunidad de Garza, cabecera del departamento Sarmiento, celebr\u00f3 su 127\u00b0 aniversario con la inauguraci\u00f3n de importantes obras y la entrega de viviendas sociales, que mejoran la calidad de vida&hellip; <\/p>\n","protected":false},"author":1,"featured_media":74966,"comment_status":"closed","ping_status":"closed","sticky":false,"template":"","format":"standard","meta":{"footnotes":""},"categories":[10],"tags":[],"class_list":["post-74965","post","type-post","status-publish","format-standard","has-post-thumbnail","hentry","category-interior"],"_links":{"self":[{"href":"http:\/\/elurbanoweb.com.ar\/diario\/wp-json\/wp\/v2\/posts\/74965","targetHints":{"allow":["GET"]}}],"collection":[{"href":"http:\/\/elurbanoweb.com.ar\/diario\/wp-json\/wp\/v2\/posts"}],"about":[{"href":"http:\/\/elurbanoweb.com.ar\/diario\/wp-json\/wp\/v2\/types\/post"}],"author":[{"embeddable":true,"href":"http:\/\/elurbanoweb.com.ar\/diario\/wp-json\/wp\/v2\/users\/1"}],"replies":[{"embeddable":true,"href":"http:\/\/elurbanoweb.com.ar\/diario\/wp-json\/wp\/v2\/comments?post=74965"}],"version-history":[{"count":1,"href":"http:\/\/elurbanoweb.com.ar\/diario\/wp-json\/wp\/v2\/posts\/74965\/revisions"}],"predecessor-version":[{"id":74967,"href":"http:\/\/elurbanoweb.com.ar\/diario\/wp-json\/wp\/v2\/posts\/74965\/revisions\/74967"}],"wp:featuredmedia":[{"embeddable":true,"href":"http:\/\/elurbanoweb.com.ar\/diario\/wp-json\/wp\/v2\/media\/74966"}],"wp:attachment":[{"href":"http:\/\/elurbanoweb.com.ar\/diario\/wp-json\/wp\/v2\/media?parent=74965"}],"wp:term":[{"taxonomy":"category","embeddable":true,"href":"http:\/\/elurbanoweb.com.ar\/diario\/wp-json\/wp\/v2\/categories?post=74965"},{"taxonomy":"post_tag","embeddable":true,"href":"http:\/\/elurbanoweb.com.ar\/diario\/wp-json\/wp\/v2\/tags?post=74965"}],"curies":[{"name":"wp","href":"https:\/\/api.w.org\/{rel}","templated":true}]}}