{"id":74968,"date":"2026-08-30T21:20:57","date_gmt":"2026-08-31T00:20:57","guid":{"rendered":"https:\/\/elurbanoweb.com.ar\/diario\/?p=74968"},"modified":"2026-08-30T21:20:57","modified_gmt":"2026-08-31T00:20:57","slug":"la-municipalidad-comunico-su-programa-de-fumigaciones-y-los-barrios-en-donde-se-trabajara","status":"publish","type":"post","link":"http:\/\/elurbanoweb.com.ar\/diario\/la-municipalidad-comunico-su-programa-de-fumigaciones-y-los-barrios-en-donde-se-trabajara\/","title":{"rendered":"La Municipalidad comunic\u00f3 su programa de fumigaciones y los barrios en donde se trabajar\u00e1"},"content":{"rendered":"<p>La Direcci\u00f3n de Calidad de la Municipalidad de la Capital inform\u00f3 su programa de fumigaciones contra mosquitos y otros insectos para esta semana, y los barrios que abarcar\u00e1n estas acciones preventivas.<\/p>\n<p><img loading=\"lazy\" decoding=\"async\" class=\"alignnone wp-image-74969 size-large\" src=\"http:\/\/elurbanoweb.com.ar\/diario\/wp-content\/uploads\/2026\/08\/fumigacion5-1024x950.jpg\" alt=\"\" width=\"1024\" height=\"950\" srcset=\"http:\/\/elurbanoweb.com.ar\/diario\/wp-content\/uploads\/2026\/08\/fumigacion5-1024x950.jpg 1024w, http:\/\/elurbanoweb.com.ar\/diario\/wp-content\/uploads\/2026\/08\/fumigacion5-300x278.jpg 300w, http:\/\/elurbanoweb.com.ar\/diario\/wp-content\/uploads\/2026\/08\/fumigacion5-150x139.jpg 150w, http:\/\/elurbanoweb.com.ar\/diario\/wp-content\/uploads\/2026\/08\/fumigacion5.jpg 1337w\" sizes=\"auto, (max-width: 1024px) 100vw, 1024px\" \/><\/p>\n<p><!--more-->&#x1f3d8; El lunes se trabajar\u00e1 en los barrios Villa del Carmen, Nestor Kirchner (100,450 y 744 viviendas), Sixto Palavecino (50 y 738 viviendas), Vinalar ( Smata), Santa Luc\u00eda e Industria.<br \/>\n&#x1f3d8; El martes ser\u00e1 el turno de los barrios Siglo XX (Sector XIX), Siglo XXI (sector 750 viviendas), Saint Germ\u00e9s, Ejercito Argentino, Am\u00e9rica del Sur, Juan Diaz de Sol\u00eds y Campo Contreras.<br \/>\n&#x1f3d8; El mi\u00e9rcoles se fumigar\u00e1 en los barrios Juramento, Sarmiento, Ram\u00f3n Carrillo, Tradici\u00f3n, Primera Junta e Inmigrantes.<br \/>\n&#x1f3d8; El jueves las tareas se realizar\u00e1n en los barrios Congreso, Francisco de Aguirre, S\u00e1enz Pe\u00f1a, Centenario, Rivadavia, Colon, Juan Felipe Ibarra y Jorge Newbery.<br \/>\n&#x1f3d8; El viernes los trabajos ser\u00e1n en los barrios Mariano Moreno, Libertad, San Mart\u00edn, Don Bosco, Bruno Volta y Mosconi.<\/p>\n","protected":false},"excerpt":{"rendered":"<p>La Direcci\u00f3n de Calidad de la Municipalidad de la Capital inform\u00f3 su programa de fumigaciones contra mosquitos y otros insectos para esta semana, y los barrios que abarcar\u00e1n estas acciones&hellip; <\/p>\n","protected":false},"author":1,"featured_media":74969,"comment_status":"closed","ping_status":"closed","sticky":false,"template":"","format":"standard","meta":{"footnotes":""},"categories":[3],"tags":[],"class_list":["post-74968","post","type-post","status-publish","format-standard","has-post-thumbnail","hentry","category-municipio"],"_links":{"self":[{"href":"http:\/\/elurbanoweb.com.ar\/diario\/wp-json\/wp\/v2\/posts\/74968","targetHints":{"allow":["GET"]}}],"collection":[{"href":"http:\/\/elurbanoweb.com.ar\/diario\/wp-json\/wp\/v2\/posts"}],"about":[{"href":"http:\/\/elurbanoweb.com.ar\/diario\/wp-json\/wp\/v2\/types\/post"}],"author":[{"embeddable":true,"href":"http:\/\/elurbanoweb.com.ar\/diario\/wp-json\/wp\/v2\/users\/1"}],"replies":[{"embeddable":true,"href":"http:\/\/elurbanoweb.com.ar\/diario\/wp-json\/wp\/v2\/comments?post=74968"}],"version-history":[{"count":1,"href":"http:\/\/elurbanoweb.com.ar\/diario\/wp-json\/wp\/v2\/posts\/74968\/revisions"}],"predecessor-version":[{"id":74970,"href":"http:\/\/elurbanoweb.com.ar\/diario\/wp-json\/wp\/v2\/posts\/74968\/revisions\/74970"}],"wp:featuredmedia":[{"embeddable":true,"href":"http:\/\/elurbanoweb.com.ar\/diario\/wp-json\/wp\/v2\/media\/74969"}],"wp:attachment":[{"href":"http:\/\/elurbanoweb.com.ar\/diario\/wp-json\/wp\/v2\/media?parent=74968"}],"wp:term":[{"taxonomy":"category","embeddable":true,"href":"http:\/\/elurbanoweb.com.ar\/diario\/wp-json\/wp\/v2\/categories?post=74968"},{"taxonomy":"post_tag","embeddable":true,"href":"http:\/\/elurbanoweb.com.ar\/diario\/wp-json\/wp\/v2\/tags?post=74968"}],"curies":[{"name":"wp","href":"https:\/\/api.w.org\/{rel}","templated":true}]}}