{"id":74974,"date":"2026-08-31T08:56:25","date_gmt":"2026-08-31T11:56:25","guid":{"rendered":"https:\/\/elurbanoweb.com.ar\/diario\/?p=74974"},"modified":"2026-08-31T08:56:25","modified_gmt":"2026-08-31T11:56:25","slug":"dictaron-un-taller-informativo-sobre-prevencion-y-reconocimiento-del-acv","status":"publish","type":"post","link":"http:\/\/elurbanoweb.com.ar\/diario\/dictaron-un-taller-informativo-sobre-prevencion-y-reconocimiento-del-acv\/","title":{"rendered":"Dictaron un taller informativo sobre prevenci\u00f3n y reconocimiento del ACV"},"content":{"rendered":"<p>La Municipalidad de La Banda, a trav\u00e9s de la Direcci\u00f3n de Salud, contin\u00faa desarrollando acciones de promoci\u00f3n y prevenci\u00f3n destinadas a acercar informaci\u00f3n y herramientas de cuidado a la comunidad.<\/p>\n<p><img loading=\"lazy\" decoding=\"async\" class=\"alignnone wp-image-74975 size-full\" src=\"http:\/\/elurbanoweb.com.ar\/diario\/wp-content\/uploads\/2026\/08\/prevencion10.jpg\" alt=\"\" width=\"1010\" height=\"567\" srcset=\"http:\/\/elurbanoweb.com.ar\/diario\/wp-content\/uploads\/2026\/08\/prevencion10.jpg 1010w, http:\/\/elurbanoweb.com.ar\/diario\/wp-content\/uploads\/2026\/08\/prevencion10-300x168.jpg 300w, http:\/\/elurbanoweb.com.ar\/diario\/wp-content\/uploads\/2026\/08\/prevencion10-150x84.jpg 150w\" sizes=\"auto, (max-width: 1010px) 100vw, 1010px\" \/><\/p>\n<p><!--more--><\/p>\n<p>En este marco, se llev\u00f3 a cabo un taller informativo sobre el Accidente Cerebrovascular (ACV) en la sala de espera del CAMM N\u00b03, ubicado en el barrio Ampliaci\u00f3n Primero de Mayo, a cargo de la agente sanitaria Mayra Acosta.<\/p>\n<p>Durante la jornada se brind\u00f3 informaci\u00f3n sobre el ACV, una afecci\u00f3n que ocurre cuando se interrumpe o disminuye de manera repentina el flujo de sangre hacia una parte del cerebro, impidiendo que las neuronas reciban el ox\u00edgeno y los nutrientes necesarios.<\/p>\n<p>Asimismo, se explicaron los principales tipos de ACV: el isqu\u00e9mico, que se produce cuando un co\u00e1gulo obstruye una arteria cerebral y es el m\u00e1s frecuente; y el hemorr\u00e1gico, que ocurre cuando un vaso sangu\u00edneo se rompe y provoca un sangrado dentro o alrededor del cerebro.<\/p>\n<p>El encuentro tambi\u00e9n permiti\u00f3 abordar aspectos fundamentales como los principales s\u00edntomas de alerta, las medidas de prevenci\u00f3n y los cuidados necesarios, destacando la importancia de reconocer r\u00e1pidamente las se\u00f1ales y actuar de manera oportuna ante una posible emergencia.<\/p>\n<p>Desde la Municipalidad de La Banda se contin\u00faa fortaleciendo el trabajo de los equipos de salud en territorio, promoviendo espacios de informaci\u00f3n, concientizaci\u00f3n y prevenci\u00f3n que contribuyan al bienestar y al cuidado integral de los vecinos.<\/p>\n","protected":false},"excerpt":{"rendered":"<p>La Municipalidad de La Banda, a trav\u00e9s de la Direcci\u00f3n de Salud, contin\u00faa desarrollando acciones de promoci\u00f3n y prevenci\u00f3n destinadas a acercar informaci\u00f3n y herramientas de cuidado a la comunidad.<\/p>\n","protected":false},"author":1,"featured_media":74975,"comment_status":"closed","ping_status":"closed","sticky":false,"template":"","format":"standard","meta":{"footnotes":""},"categories":[9],"tags":[],"class_list":["post-74974","post","type-post","status-publish","format-standard","has-post-thumbnail","hentry","category-la-banda"],"_links":{"self":[{"href":"http:\/\/elurbanoweb.com.ar\/diario\/wp-json\/wp\/v2\/posts\/74974","targetHints":{"allow":["GET"]}}],"collection":[{"href":"http:\/\/elurbanoweb.com.ar\/diario\/wp-json\/wp\/v2\/posts"}],"about":[{"href":"http:\/\/elurbanoweb.com.ar\/diario\/wp-json\/wp\/v2\/types\/post"}],"author":[{"embeddable":true,"href":"http:\/\/elurbanoweb.com.ar\/diario\/wp-json\/wp\/v2\/users\/1"}],"replies":[{"embeddable":true,"href":"http:\/\/elurbanoweb.com.ar\/diario\/wp-json\/wp\/v2\/comments?post=74974"}],"version-history":[{"count":1,"href":"http:\/\/elurbanoweb.com.ar\/diario\/wp-json\/wp\/v2\/posts\/74974\/revisions"}],"predecessor-version":[{"id":74976,"href":"http:\/\/elurbanoweb.com.ar\/diario\/wp-json\/wp\/v2\/posts\/74974\/revisions\/74976"}],"wp:featuredmedia":[{"embeddable":true,"href":"http:\/\/elurbanoweb.com.ar\/diario\/wp-json\/wp\/v2\/media\/74975"}],"wp:attachment":[{"href":"http:\/\/elurbanoweb.com.ar\/diario\/wp-json\/wp\/v2\/media?parent=74974"}],"wp:term":[{"taxonomy":"category","embeddable":true,"href":"http:\/\/elurbanoweb.com.ar\/diario\/wp-json\/wp\/v2\/categories?post=74974"},{"taxonomy":"post_tag","embeddable":true,"href":"http:\/\/elurbanoweb.com.ar\/diario\/wp-json\/wp\/v2\/tags?post=74974"}],"curies":[{"name":"wp","href":"https:\/\/api.w.org\/{rel}","templated":true}]}}