{"id":74977,"date":"2026-08-31T08:57:33","date_gmt":"2026-08-31T11:57:33","guid":{"rendered":"https:\/\/elurbanoweb.com.ar\/diario\/?p=74977"},"modified":"2026-08-31T08:57:33","modified_gmt":"2026-08-31T11:57:33","slug":"se-encuentran-abiertas-las-inscripciones-para-una-nueva-etapa-del-curso-de-excel-basico","status":"publish","type":"post","link":"http:\/\/elurbanoweb.com.ar\/diario\/se-encuentran-abiertas-las-inscripciones-para-una-nueva-etapa-del-curso-de-excel-basico\/","title":{"rendered":"Se encuentran abiertas las inscripciones para una nueva etapa del curso de Excel B\u00e1sico"},"content":{"rendered":"<p>La Casa del Bicentenario de La Banda ser\u00e1 sede de un nuevo Curso de Excel B\u00e1sico \u2013 Nivel Inicial, destinado a estudiantes, emprendedores, docentes y p\u00fablico en general que deseen incorporar y fortalecer sus conocimientos en herramientas digitales.<\/p>\n<p><img loading=\"lazy\" decoding=\"async\" class=\"alignnone wp-image-74978 size-full\" src=\"http:\/\/elurbanoweb.com.ar\/diario\/wp-content\/uploads\/2026\/08\/bicentenario-1.jpg\" alt=\"\" width=\"1010\" height=\"567\" srcset=\"http:\/\/elurbanoweb.com.ar\/diario\/wp-content\/uploads\/2026\/08\/bicentenario-1.jpg 1010w, http:\/\/elurbanoweb.com.ar\/diario\/wp-content\/uploads\/2026\/08\/bicentenario-1-300x168.jpg 300w, http:\/\/elurbanoweb.com.ar\/diario\/wp-content\/uploads\/2026\/08\/bicentenario-1-150x84.jpg 150w\" sizes=\"auto, (max-width: 1010px) 100vw, 1010px\" \/><\/p>\n<p><!--more--><\/p>\n<p>La capacitaci\u00f3n dar\u00e1 inicio el s\u00e1bado 12 de septiembre y tendr\u00e1 una modalidad 100% pr\u00e1ctica, con ejercicios y actividades aplicadas a situaciones reales. Durante las clases, los participantes aprender\u00e1n a crear y organizar planillas, realizar c\u00e1lculos de manera sencilla, generar gr\u00e1ficos e informes y utilizar las funciones b\u00e1sicas del programa.<\/p>\n<p>La propuesta busca brindar conocimientos \u00fatiles para desenvolverse con mayor seguridad en el \u00e1mbito laboral, acad\u00e9mico y personal, facilitando el manejo de una herramienta ampliamente utilizada en diferentes actividades.<\/p>\n<p>El curso es arancelado y cuenta con cupos limitados, por lo que se recomienda realizar la inscripci\u00f3n con anticipaci\u00f3n.<\/p>\n<p>Para obtener mayor informaci\u00f3n e inscribirse, los interesados pueden comunicarse al 385 622-5258.<\/p>\n","protected":false},"excerpt":{"rendered":"<p>La Casa del Bicentenario de La Banda ser\u00e1 sede de un nuevo Curso de Excel B\u00e1sico \u2013 Nivel Inicial, destinado a estudiantes, emprendedores, docentes y p\u00fablico en general que deseen&hellip; <\/p>\n","protected":false},"author":1,"featured_media":74978,"comment_status":"closed","ping_status":"closed","sticky":false,"template":"","format":"standard","meta":{"footnotes":""},"categories":[9],"tags":[],"class_list":["post-74977","post","type-post","status-publish","format-standard","has-post-thumbnail","hentry","category-la-banda"],"_links":{"self":[{"href":"http:\/\/elurbanoweb.com.ar\/diario\/wp-json\/wp\/v2\/posts\/74977","targetHints":{"allow":["GET"]}}],"collection":[{"href":"http:\/\/elurbanoweb.com.ar\/diario\/wp-json\/wp\/v2\/posts"}],"about":[{"href":"http:\/\/elurbanoweb.com.ar\/diario\/wp-json\/wp\/v2\/types\/post"}],"author":[{"embeddable":true,"href":"http:\/\/elurbanoweb.com.ar\/diario\/wp-json\/wp\/v2\/users\/1"}],"replies":[{"embeddable":true,"href":"http:\/\/elurbanoweb.com.ar\/diario\/wp-json\/wp\/v2\/comments?post=74977"}],"version-history":[{"count":1,"href":"http:\/\/elurbanoweb.com.ar\/diario\/wp-json\/wp\/v2\/posts\/74977\/revisions"}],"predecessor-version":[{"id":74979,"href":"http:\/\/elurbanoweb.com.ar\/diario\/wp-json\/wp\/v2\/posts\/74977\/revisions\/74979"}],"wp:featuredmedia":[{"embeddable":true,"href":"http:\/\/elurbanoweb.com.ar\/diario\/wp-json\/wp\/v2\/media\/74978"}],"wp:attachment":[{"href":"http:\/\/elurbanoweb.com.ar\/diario\/wp-json\/wp\/v2\/media?parent=74977"}],"wp:term":[{"taxonomy":"category","embeddable":true,"href":"http:\/\/elurbanoweb.com.ar\/diario\/wp-json\/wp\/v2\/categories?post=74977"},{"taxonomy":"post_tag","embeddable":true,"href":"http:\/\/elurbanoweb.com.ar\/diario\/wp-json\/wp\/v2\/tags?post=74977"}],"curies":[{"name":"wp","href":"https:\/\/api.w.org\/{rel}","templated":true}]}}