{"id":74980,"date":"2026-08-31T08:59:06","date_gmt":"2026-08-31T11:59:06","guid":{"rendered":"https:\/\/elurbanoweb.com.ar\/diario\/?p=74980"},"modified":"2026-08-31T08:59:06","modified_gmt":"2026-08-31T11:59:06","slug":"una-tarde-de-solidaridad-y-alegria-fundacion-mujer-realizo-una-nueva-edicion-de-su-te-solidario","status":"publish","type":"post","link":"http:\/\/elurbanoweb.com.ar\/diario\/una-tarde-de-solidaridad-y-alegria-fundacion-mujer-realizo-una-nueva-edicion-de-su-te-solidario\/","title":{"rendered":"Una tarde de solidaridad y alegr\u00eda: Fundaci\u00f3n Mujer realiz\u00f3 una nueva edici\u00f3n de su T\u00e9 Solidario"},"content":{"rendered":"<p>La Fundaci\u00f3n Mujer Santiago del Estero llev\u00f3 adelante este domingo una nueva edici\u00f3n de su tradicional T\u00e9 Solidario, una propuesta destinada a reunir a la comunidad en una tarde de encuentro, entretenimiento y solidaridad.<\/p>\n<p><img loading=\"lazy\" decoding=\"async\" class=\"alignnone wp-image-74981 size-full\" src=\"http:\/\/elurbanoweb.com.ar\/diario\/wp-content\/uploads\/2026\/08\/te.jpg\" alt=\"\" width=\"1010\" height=\"567\" srcset=\"http:\/\/elurbanoweb.com.ar\/diario\/wp-content\/uploads\/2026\/08\/te.jpg 1010w, http:\/\/elurbanoweb.com.ar\/diario\/wp-content\/uploads\/2026\/08\/te-300x168.jpg 300w, http:\/\/elurbanoweb.com.ar\/diario\/wp-content\/uploads\/2026\/08\/te-150x84.jpg 150w\" sizes=\"auto, (max-width: 1010px) 100vw, 1010px\" \/><\/p>\n<p><!--more--><\/p>\n<p>La actividad se desarroll\u00f3 desde las 17 horas en el Sal\u00f3n \u00d3valo del Parque Sur, donde los asistentes participaron de una jornada que incluy\u00f3 una variada propuesta recreativa. La iniciativa busc\u00f3 generar un espacio para compartir y disfrutar de una merienda en un ambiente de camarader\u00eda.<\/p>\n<p>Durante el encuentro hubo t\u00e9, juegos, bingo, sorteos, m\u00fasica, shows y distintas sorpresas, de acuerdo con la propuesta difundida previamente por la organizaci\u00f3n.<\/p>\n<p>La convocatoria hab\u00eda sido realizada por la Fundaci\u00f3n Mujer a trav\u00e9s de sus redes sociales, donde invit\u00f3 a la comunidad a sumarse a esta nueva edici\u00f3n y destac\u00f3 el esp\u00edritu solidario de la iniciativa. La tarjeta tuvo un valor de $25.000 y las reservas se realizaron previamente a trav\u00e9s de WhatsApp.<\/p>\n<p>Con esta nueva edici\u00f3n, Fundaci\u00f3n Mujer volvi\u00f3 a impulsar una propuesta que combina un momento de encuentro y entretenimiento con un mensaje de solidaridad, convocando a vecinos a compartir una tarde diferente en la ciudad.<\/p>\n","protected":false},"excerpt":{"rendered":"<p>La Fundaci\u00f3n Mujer Santiago del Estero llev\u00f3 adelante este domingo una nueva edici\u00f3n de su tradicional T\u00e9 Solidario, una propuesta destinada a reunir a la comunidad en una tarde de&hellip; <\/p>\n","protected":false},"author":1,"featured_media":74981,"comment_status":"closed","ping_status":"closed","sticky":false,"template":"","format":"standard","meta":{"footnotes":""},"categories":[16],"tags":[],"class_list":["post-74980","post","type-post","status-publish","format-standard","has-post-thumbnail","hentry","category-locales"],"_links":{"self":[{"href":"http:\/\/elurbanoweb.com.ar\/diario\/wp-json\/wp\/v2\/posts\/74980","targetHints":{"allow":["GET"]}}],"collection":[{"href":"http:\/\/elurbanoweb.com.ar\/diario\/wp-json\/wp\/v2\/posts"}],"about":[{"href":"http:\/\/elurbanoweb.com.ar\/diario\/wp-json\/wp\/v2\/types\/post"}],"author":[{"embeddable":true,"href":"http:\/\/elurbanoweb.com.ar\/diario\/wp-json\/wp\/v2\/users\/1"}],"replies":[{"embeddable":true,"href":"http:\/\/elurbanoweb.com.ar\/diario\/wp-json\/wp\/v2\/comments?post=74980"}],"version-history":[{"count":1,"href":"http:\/\/elurbanoweb.com.ar\/diario\/wp-json\/wp\/v2\/posts\/74980\/revisions"}],"predecessor-version":[{"id":74982,"href":"http:\/\/elurbanoweb.com.ar\/diario\/wp-json\/wp\/v2\/posts\/74980\/revisions\/74982"}],"wp:featuredmedia":[{"embeddable":true,"href":"http:\/\/elurbanoweb.com.ar\/diario\/wp-json\/wp\/v2\/media\/74981"}],"wp:attachment":[{"href":"http:\/\/elurbanoweb.com.ar\/diario\/wp-json\/wp\/v2\/media?parent=74980"}],"wp:term":[{"taxonomy":"category","embeddable":true,"href":"http:\/\/elurbanoweb.com.ar\/diario\/wp-json\/wp\/v2\/categories?post=74980"},{"taxonomy":"post_tag","embeddable":true,"href":"http:\/\/elurbanoweb.com.ar\/diario\/wp-json\/wp\/v2\/tags?post=74980"}],"curies":[{"name":"wp","href":"https:\/\/api.w.org\/{rel}","templated":true}]}}