{"id":74983,"date":"2026-08-31T09:01:27","date_gmt":"2026-08-31T12:01:27","guid":{"rendered":"https:\/\/elurbanoweb.com.ar\/diario\/?p=74983"},"modified":"2026-08-31T09:01:27","modified_gmt":"2026-08-31T12:01:27","slug":"el-rxp-cerro-su-24a-edicion-con-un-fin-de-semana-a-puro-motociclismo","status":"publish","type":"post","link":"http:\/\/elurbanoweb.com.ar\/diario\/el-rxp-cerro-su-24a-edicion-con-un-fin-de-semana-a-puro-motociclismo\/","title":{"rendered":"El RXP cerr\u00f3 su 24\u00aa edici\u00f3n con un fin de semana a puro motociclismo"},"content":{"rendered":"<p>La tradicional competencia de motociclismo complet\u00f3 este domingo su \u00faltima jornada, con cinco tandas por cada divisional y una gran presencia de pilotos, equipos y familias en la zona de boxes.<\/p>\n<p><img loading=\"lazy\" decoding=\"async\" class=\"alignnone wp-image-74984 size-full\" src=\"http:\/\/elurbanoweb.com.ar\/diario\/wp-content\/uploads\/2026\/08\/boxes.jpg\" alt=\"\" width=\"1010\" height=\"567\" srcset=\"http:\/\/elurbanoweb.com.ar\/diario\/wp-content\/uploads\/2026\/08\/boxes.jpg 1010w, http:\/\/elurbanoweb.com.ar\/diario\/wp-content\/uploads\/2026\/08\/boxes-300x168.jpg 300w, http:\/\/elurbanoweb.com.ar\/diario\/wp-content\/uploads\/2026\/08\/boxes-150x84.jpg 150w\" sizes=\"auto, (max-width: 1010px) 100vw, 1010px\" \/><\/p>\n<p><!--more--><\/p>\n<p>La 24\u00aa edici\u00f3n del RXP lleg\u00f3 a su final este domingo luego de una \u00faltima jornada que cumpli\u00f3 con el cronograma establecido. Cada divisional disput\u00f3 cinco tandas para cerrar un fin de semana marcado por la velocidad, la competencia y la pasi\u00f3n por el motociclismo.<\/p>\n<p>Una vez finalizada la actividad, los protagonistas dejaron sus sensaciones en la zona de boxes. Entre los testimonios se destac\u00f3 la satisfacci\u00f3n de los pilotos que tuvieron la posibilidad de girar por primera vez, mientras que los m\u00e1s experimentados aprovecharon cada salida a pista para acelerar al m\u00e1ximo y disfrutar de una nueva edici\u00f3n de esta tradicional prueba.<\/p>\n<p>El evento tambi\u00e9n tuvo como protagonistas a varios pilotos de las categor\u00edas Pro y Expertos, muchos de ellos con participaci\u00f3n profesional en campeonatos nacionales e internacionales. Para estos corredores, el RXP representa una oportunidad importante para entrenar, mantenerse en ritmo y prepararse de cara a sus compromisos oficiales.<\/p>\n<p>El cierre de la competencia se vivi\u00f3 con una importante presencia de familiares, amigos y equipos en la zona de boxes, que acompa\u00f1aron a los pilotos durante todo el fin de semana. De esta manera, el RXP volvi\u00f3 a reunir a la comunidad del motociclismo de velocidad y complet\u00f3 con \u00e9xito su 24\u00aa edici\u00f3n, dejando nuevamente como protagonista a la pasi\u00f3n por las dos ruedas.<\/p>\n","protected":false},"excerpt":{"rendered":"<p>La tradicional competencia de motociclismo complet\u00f3 este domingo su \u00faltima jornada, con cinco tandas por cada divisional y una gran presencia de pilotos, equipos y familias en la zona de&hellip; <\/p>\n","protected":false},"author":1,"featured_media":74984,"comment_status":"closed","ping_status":"closed","sticky":false,"template":"","format":"standard","meta":{"footnotes":""},"categories":[4],"tags":[],"class_list":["post-74983","post","type-post","status-publish","format-standard","has-post-thumbnail","hentry","category-deportes"],"_links":{"self":[{"href":"http:\/\/elurbanoweb.com.ar\/diario\/wp-json\/wp\/v2\/posts\/74983","targetHints":{"allow":["GET"]}}],"collection":[{"href":"http:\/\/elurbanoweb.com.ar\/diario\/wp-json\/wp\/v2\/posts"}],"about":[{"href":"http:\/\/elurbanoweb.com.ar\/diario\/wp-json\/wp\/v2\/types\/post"}],"author":[{"embeddable":true,"href":"http:\/\/elurbanoweb.com.ar\/diario\/wp-json\/wp\/v2\/users\/1"}],"replies":[{"embeddable":true,"href":"http:\/\/elurbanoweb.com.ar\/diario\/wp-json\/wp\/v2\/comments?post=74983"}],"version-history":[{"count":1,"href":"http:\/\/elurbanoweb.com.ar\/diario\/wp-json\/wp\/v2\/posts\/74983\/revisions"}],"predecessor-version":[{"id":74985,"href":"http:\/\/elurbanoweb.com.ar\/diario\/wp-json\/wp\/v2\/posts\/74983\/revisions\/74985"}],"wp:featuredmedia":[{"embeddable":true,"href":"http:\/\/elurbanoweb.com.ar\/diario\/wp-json\/wp\/v2\/media\/74984"}],"wp:attachment":[{"href":"http:\/\/elurbanoweb.com.ar\/diario\/wp-json\/wp\/v2\/media?parent=74983"}],"wp:term":[{"taxonomy":"category","embeddable":true,"href":"http:\/\/elurbanoweb.com.ar\/diario\/wp-json\/wp\/v2\/categories?post=74983"},{"taxonomy":"post_tag","embeddable":true,"href":"http:\/\/elurbanoweb.com.ar\/diario\/wp-json\/wp\/v2\/tags?post=74983"}],"curies":[{"name":"wp","href":"https:\/\/api.w.org\/{rel}","templated":true}]}}