{"id":74989,"date":"2026-08-31T09:04:16","date_gmt":"2026-08-31T12:04:16","guid":{"rendered":"https:\/\/elurbanoweb.com.ar\/diario\/?p=74989"},"modified":"2026-08-31T09:04:16","modified_gmt":"2026-08-31T12:04:16","slug":"la-intendente-yanina-iturre-destaco-el-impacto-deportivo-y-economico-del-rally-santiagueno-en-fernandez","status":"publish","type":"post","link":"http:\/\/elurbanoweb.com.ar\/diario\/la-intendente-yanina-iturre-destaco-el-impacto-deportivo-y-economico-del-rally-santiagueno-en-fernandez\/","title":{"rendered":"La intendente Yanina Iturre destac\u00f3 el impacto deportivo y econ\u00f3mico del Rally Santiague\u00f1o en Fern\u00e1ndez"},"content":{"rendered":"<p>La ciudad de Fern\u00e1ndez vivi\u00f3 un fin de semana a puro automovilismo con la disputa de la quinta fecha del Campeonato Santiague\u00f1o de Rally, certamen organizado por la Asociaci\u00f3n Santiague\u00f1a de Rally (ASR). Tras dos intensas jornadas de competencia por los caminos locales, el evento culmin\u00f3 este domingo con la esperada ceremonia de premiaci\u00f3n en las instalaciones del Paseo Capital del Agro, donde se distingui\u00f3 a las tripulaciones ganadoras de cada divisional ante un marco multitudinario.<\/p>\n<p><img loading=\"lazy\" decoding=\"async\" class=\"alignnone wp-image-74990 size-full\" src=\"http:\/\/elurbanoweb.com.ar\/diario\/wp-content\/uploads\/2026\/08\/yanina-1.jpg\" alt=\"\" width=\"1010\" height=\"567\" srcset=\"http:\/\/elurbanoweb.com.ar\/diario\/wp-content\/uploads\/2026\/08\/yanina-1.jpg 1010w, http:\/\/elurbanoweb.com.ar\/diario\/wp-content\/uploads\/2026\/08\/yanina-1-300x168.jpg 300w, http:\/\/elurbanoweb.com.ar\/diario\/wp-content\/uploads\/2026\/08\/yanina-1-150x84.jpg 150w\" sizes=\"auto, (max-width: 1010px) 100vw, 1010px\" \/><\/p>\n<p><!--more--><\/p>\n<p>El acto de entrega de trofeos y coronaci\u00f3n en el podio cont\u00f3 con la presencia central de la intendente de la ciudad, Yanina Iturre, quien estuvo acompa\u00f1ada por miembros de su gabinete municipal, concejales y autoridades directivas de la ASR.<\/p>\n<p>Durante su alocuci\u00f3n, la jefa comunal brind\u00f3 un c\u00e1lido mensaje de reconocimiento hacia todos los sectores que formaron parte de la prueba deportiva. \u201cAgradecer y felicitar a todos los que han hecho posible esta hermosa fiesta, este hermoso deporte: a la Asociaci\u00f3n de Rally Santiague\u00f1o, a los pilotos, a los navegantes, a todos sus equipos y a toda la familia fierrera por elegir Fern\u00e1ndez y confiar en nuestra ciudad para que sea posible hoy esta quinta fecha del torneo\u201d, sostuvo.<\/p>\n<p>Asimismo, Iturre hizo especial \u00e9nfasis en la trascendencia integral que implican estas convocatorias para el desarrollo de la localidad. \u201cPara nosotros es un orgullo y una alegr\u00eda inmensa recibirlos, no solo porque se disfruta de un deporte y de una hermosa pasi\u00f3n toda la ciudadan\u00eda de Fern\u00e1ndez, sino tambi\u00e9n porque se genera un flujo econ\u00f3mico en nuestra ciudad, en nuestros comercios y en nuestra econom\u00eda local\u201d, remarc\u00f3 la intendente, ratificando adem\u00e1s que \u201cFern\u00e1ndez siempre tendr\u00e1 las puertas abiertas a cualquier disciplina deportiva y a toda la familia fierrera\u201d.<\/p>\n","protected":false},"excerpt":{"rendered":"<p>La ciudad de Fern\u00e1ndez vivi\u00f3 un fin de semana a puro automovilismo con la disputa de la quinta fecha del Campeonato Santiague\u00f1o de Rally, certamen organizado por la Asociaci\u00f3n Santiague\u00f1a&hellip; <\/p>\n","protected":false},"author":1,"featured_media":74990,"comment_status":"closed","ping_status":"closed","sticky":false,"template":"","format":"standard","meta":{"footnotes":""},"categories":[10],"tags":[],"class_list":["post-74989","post","type-post","status-publish","format-standard","has-post-thumbnail","hentry","category-interior"],"_links":{"self":[{"href":"http:\/\/elurbanoweb.com.ar\/diario\/wp-json\/wp\/v2\/posts\/74989","targetHints":{"allow":["GET"]}}],"collection":[{"href":"http:\/\/elurbanoweb.com.ar\/diario\/wp-json\/wp\/v2\/posts"}],"about":[{"href":"http:\/\/elurbanoweb.com.ar\/diario\/wp-json\/wp\/v2\/types\/post"}],"author":[{"embeddable":true,"href":"http:\/\/elurbanoweb.com.ar\/diario\/wp-json\/wp\/v2\/users\/1"}],"replies":[{"embeddable":true,"href":"http:\/\/elurbanoweb.com.ar\/diario\/wp-json\/wp\/v2\/comments?post=74989"}],"version-history":[{"count":1,"href":"http:\/\/elurbanoweb.com.ar\/diario\/wp-json\/wp\/v2\/posts\/74989\/revisions"}],"predecessor-version":[{"id":74991,"href":"http:\/\/elurbanoweb.com.ar\/diario\/wp-json\/wp\/v2\/posts\/74989\/revisions\/74991"}],"wp:featuredmedia":[{"embeddable":true,"href":"http:\/\/elurbanoweb.com.ar\/diario\/wp-json\/wp\/v2\/media\/74990"}],"wp:attachment":[{"href":"http:\/\/elurbanoweb.com.ar\/diario\/wp-json\/wp\/v2\/media?parent=74989"}],"wp:term":[{"taxonomy":"category","embeddable":true,"href":"http:\/\/elurbanoweb.com.ar\/diario\/wp-json\/wp\/v2\/categories?post=74989"},{"taxonomy":"post_tag","embeddable":true,"href":"http:\/\/elurbanoweb.com.ar\/diario\/wp-json\/wp\/v2\/tags?post=74989"}],"curies":[{"name":"wp","href":"https:\/\/api.w.org\/{rel}","templated":true}]}}