{"id":74992,"date":"2026-08-31T09:06:57","date_gmt":"2026-08-31T12:06:57","guid":{"rendered":"https:\/\/elurbanoweb.com.ar\/diario\/?p=74992"},"modified":"2026-08-31T09:06:57","modified_gmt":"2026-08-31T12:06:57","slug":"multitudinaria-peregrinacion-a-mama-antula-claudia-de-zamora-acompano-a-los-mas-de-2-500-fieles-llegaron-hasta-villa-silipica","status":"publish","type":"post","link":"http:\/\/elurbanoweb.com.ar\/diario\/multitudinaria-peregrinacion-a-mama-antula-claudia-de-zamora-acompano-a-los-mas-de-2-500-fieles-llegaron-hasta-villa-silipica\/","title":{"rendered":"Multitudinaria peregrinaci\u00f3n a Mama Antula: Claudia de Zamora acompa\u00f1\u00f3 a los m\u00e1s de 2.500 fieles llegaron hasta Villa Sil\u00edpica"},"content":{"rendered":"<p>Bajo el lema \u201cJunto a Mam\u00e1 Antula, peregrinos de la paz\u201d, miles de santiague\u00f1os participaron este s\u00e1bado de la 9\u00aa Peregrinaci\u00f3n al Santuario de Mama Antula, en Villa Sil\u00edpica.<\/p>\n<p><img loading=\"lazy\" decoding=\"async\" class=\"alignnone wp-image-74993 size-full\" src=\"http:\/\/elurbanoweb.com.ar\/diario\/wp-content\/uploads\/2026\/08\/silipica0.jpg\" alt=\"\" width=\"735\" height=\"422\" srcset=\"http:\/\/elurbanoweb.com.ar\/diario\/wp-content\/uploads\/2026\/08\/silipica0.jpg 735w, http:\/\/elurbanoweb.com.ar\/diario\/wp-content\/uploads\/2026\/08\/silipica0-300x172.jpg 300w, http:\/\/elurbanoweb.com.ar\/diario\/wp-content\/uploads\/2026\/08\/silipica0-150x86.jpg 150w\" sizes=\"auto, (max-width: 735px) 100vw, 735px\" \/><\/p>\n<p><!--more--><\/p>\n<p>La tradicional manifestaci\u00f3n de fe reuni\u00f3 a familias, comunidades religiosas y peregrinos que recorrieron el trayecto desde el barrio Almirante Brown hasta el santuario de Mama Antula, en una jornada atravesada por la oraci\u00f3n, la esperanza y la devoci\u00f3n hacia la primera santa argentina.<\/p>\n<p>Seg\u00fan destac\u00f3 la exgobernadora Claudia de Zamora en sus redes sociales, fueron m\u00e1s de 2.500 los fieles que participaron de la caminata. Durante el recorrido, las distintas capillas ubicadas a lo largo del Camino Real se convirtieron en puntos de encuentro para la oraci\u00f3n y el acompa\u00f1amiento de los peregrinos.<\/p>\n<p>\u201cCada capilla del Camino Real fue una parada de encuentro, oraci\u00f3n y comunidad\u201d, expres\u00f3 Claudia de Zamora al compartir im\u00e1genes de la jornada.<\/p>\n<p>Tambi\u00e9n destac\u00f3 el valor de la convocatoria y el compromiso de las familias santiague\u00f1as que participaron de esta expresi\u00f3n de fe. \u201cUna jornada que nos recuerda la fuerza de nuestras tradiciones y el valor de caminar juntos\u201d, se\u00f1al\u00f3.<\/p>\n<p>Mama Antula, la expresi\u00f3n de fe del puenblo santiague\u00f1o<br \/>\nLa peregrinaci\u00f3n volvi\u00f3 a poner en escena una de las expresiones religiosas m\u00e1s importantes de Santiago del Estero y tuvo como destino el santuario dedicado a Mama Antula, cuya figura permanece profundamente ligada a la historia y la identidad espiritual de la provincia.<\/p>\n<p>Al finalizar el recorrido, los peregrinos llegaron hasta Villa Sil\u00edpica para renovar su fe y participar de las actividades previstas en torno a la celebraci\u00f3n.<\/p>\n","protected":false},"excerpt":{"rendered":"<p>Bajo el lema \u201cJunto a Mam\u00e1 Antula, peregrinos de la paz\u201d, miles de santiague\u00f1os participaron este s\u00e1bado de la 9\u00aa Peregrinaci\u00f3n al Santuario de Mama Antula, en Villa Sil\u00edpica.<\/p>\n","protected":false},"author":1,"featured_media":74993,"comment_status":"closed","ping_status":"closed","sticky":false,"template":"","format":"standard","meta":{"footnotes":""},"categories":[10],"tags":[],"class_list":["post-74992","post","type-post","status-publish","format-standard","has-post-thumbnail","hentry","category-interior"],"_links":{"self":[{"href":"http:\/\/elurbanoweb.com.ar\/diario\/wp-json\/wp\/v2\/posts\/74992","targetHints":{"allow":["GET"]}}],"collection":[{"href":"http:\/\/elurbanoweb.com.ar\/diario\/wp-json\/wp\/v2\/posts"}],"about":[{"href":"http:\/\/elurbanoweb.com.ar\/diario\/wp-json\/wp\/v2\/types\/post"}],"author":[{"embeddable":true,"href":"http:\/\/elurbanoweb.com.ar\/diario\/wp-json\/wp\/v2\/users\/1"}],"replies":[{"embeddable":true,"href":"http:\/\/elurbanoweb.com.ar\/diario\/wp-json\/wp\/v2\/comments?post=74992"}],"version-history":[{"count":1,"href":"http:\/\/elurbanoweb.com.ar\/diario\/wp-json\/wp\/v2\/posts\/74992\/revisions"}],"predecessor-version":[{"id":74994,"href":"http:\/\/elurbanoweb.com.ar\/diario\/wp-json\/wp\/v2\/posts\/74992\/revisions\/74994"}],"wp:featuredmedia":[{"embeddable":true,"href":"http:\/\/elurbanoweb.com.ar\/diario\/wp-json\/wp\/v2\/media\/74993"}],"wp:attachment":[{"href":"http:\/\/elurbanoweb.com.ar\/diario\/wp-json\/wp\/v2\/media?parent=74992"}],"wp:term":[{"taxonomy":"category","embeddable":true,"href":"http:\/\/elurbanoweb.com.ar\/diario\/wp-json\/wp\/v2\/categories?post=74992"},{"taxonomy":"post_tag","embeddable":true,"href":"http:\/\/elurbanoweb.com.ar\/diario\/wp-json\/wp\/v2\/tags?post=74992"}],"curies":[{"name":"wp","href":"https:\/\/api.w.org\/{rel}","templated":true}]}}